{"id":5570,"date":"2026-01-05T18:18:08","date_gmt":"2026-01-05T18:18:08","guid":{"rendered":"https:\/\/www.europesays.com\/africa\/5570\/"},"modified":"2026-01-05T18:18:08","modified_gmt":"2026-01-05T18:18:08","slug":"coup-dur-pour-lalgerie-hadjam-forfait-jusqua-la-fin-du-tournoi","status":"publish","type":"post","link":"https:\/\/www.europesays.com\/africa\/5570\/","title":{"rendered":"Coup dur pour l\u2019Alg\u00e9rie, Hadjam forfait jusqu\u2019\u00e0 la fin du tournoi"},"content":{"rendered":"<p>L\u2019Alg\u00e9rie devra faire sans Jaouen Hadjam pour la suite de la CAN 2025. Le lat\u00e9ral polyvalent des Fennecs est officiellement forfait pour le reste de la comp\u00e9tition, a annonc\u00e9 le s\u00e9lectionneur Vladimir Petkovic, \u00e0 la veille du huiti\u00e8me de finale face \u00e0 la RD Congo, pr\u00e9vu mardi.<\/p>\n<p>Touch\u00e9 lors du match contre le Burkina Faso (1-0) le 28 d\u00e9cembre, Hadjam a disput\u00e9 l\u00e0 sa derni\u00e8re rencontre dans ce tournoi. Le d\u00e9fenseur alg\u00e9rien avait \u00e9t\u00e9 victime d\u2019un tacle tr\u00e8s appuy\u00e9 de Gustavo Sangar\u00e9, sanctionn\u00e9 sans carton rouge.<\/p>\n<p>Malgr\u00e9 sa volont\u00e9 de continuer, il a finalement d\u00fb quitter la pelouse d\u00e8s la 14e minute, visiblement touch\u00e9 \u00e0 la cheville.<\/p>\n<p dir=\"ltr\" lang=\"fr\">A\u00efe&#8230; la cheville de Jaouen Hadjam a beaucoup tourn\u00e9 sur cette faute burkinab\u00e8e. \ud83d\ude36 <a href=\"https:\/\/t.co\/1UWJ8LxE9Q\" rel=\"nofollow\">pic.twitter.com\/1UWJ8LxE9Q<\/a><\/p>\n<p>\u2014 Foot Mercato (@footmercato) <a href=\"https:\/\/twitter.com\/footmercato\/status\/2005333005792153925?ref_src=twsrc%5Etfw\" rel=\"nofollow noopener\" target=\"_blank\">December 28, 2025<\/a><\/p>\n<p>Les images de sa blessure avaient rapidement inqui\u00e9t\u00e9, la cheville ayant violemment tourn\u00e9. M\u00eame si l\u2019espoir d\u2019un retour avait \u00e9t\u00e9 \u00e9voqu\u00e9 dans un premier temps, le verdict est d\u00e9sormais clair. En conf\u00e9rence de presse, Vladimir Petkovic a confirm\u00e9 l\u2019indisponibilit\u00e9 du joueur :<\/p>\n<p>\u201cPour Hadjam nous avons tout tent\u00e9 pour le r\u00e9cup\u00e9rer mais finalement nous l\u2019avons lib\u00e9r\u00e9 pour qu\u2019il aille se soigner dans son club\u201c.<\/p>\n<p dir=\"ltr\" lang=\"fr\">Vladimir Petkovic annonce le forfait de Jaouen Hadjam pour le reste de la <a href=\"https:\/\/twitter.com\/hashtag\/CAN2025?src=hash&amp;ref_src=twsrc%5Etfw\" rel=\"nofollow noopener\" target=\"_blank\">#CAN2025<\/a> :<\/p>\n<p>\u00ab Nous avons tout tent\u00e9 pour le r\u00e9cup\u00e9rer mais finalement nous l\u2019avons lib\u00e9r\u00e9 pour qu\u2019il aille se soigner dans son club \u00bb <a href=\"https:\/\/twitter.com\/madeinfoot?ref_src=twsrc%5Etfw\" rel=\"nofollow noopener\" target=\"_blank\">@madeinfoot<\/a> <a href=\"https:\/\/t.co\/wTPKtcCIGF\" rel=\"nofollow\">pic.twitter.com\/wTPKtcCIGF<\/a><\/p>\n<p>\u2014 Dorian (@Dorian_Bonzom) <a href=\"https:\/\/twitter.com\/Dorian_Bonzom\/status\/2008132377890168852?ref_src=twsrc%5Etfw\" rel=\"nofollow noopener\" target=\"_blank\">January 5, 2026<\/a><br \/>\n<script async src=\"https:\/\/platform.twitter.com\/widgets.js\" charset=\"utf-8\"><\/script><\/p>\n","protected":false},"excerpt":{"rendered":"L\u2019Alg\u00e9rie devra faire sans Jaouen Hadjam pour la suite de la CAN 2025. Le lat\u00e9ral polyvalent des Fennecs&hellip;\n","protected":false},"author":2,"featured_media":5571,"comment_status":"","ping_status":"","sticky":false,"template":"","format":"standard","meta":{"footnotes":""},"categories":[254],"tags":[255,4233,4232,1001],"class_list":{"0":"post-5570","1":"post","2":"type-post","3":"status-publish","4":"format-standard","5":"has-post-thumbnail","7":"category-algerie","8":"tag-algerie","9":"tag-algerie-vs-rdc","10":"tag-can-2025-au-maroc","11":"tag-jaouen-hadjam"},"share_on_mastodon":{"url":"","error":""},"_links":{"self":[{"href":"https:\/\/www.europesays.com\/africa\/wp-json\/wp\/v2\/posts\/5570","targetHints":{"allow":["GET"]}}],"collection":[{"href":"https:\/\/www.europesays.com\/africa\/wp-json\/wp\/v2\/posts"}],"about":[{"href":"https:\/\/www.europesays.com\/africa\/wp-json\/wp\/v2\/types\/post"}],"author":[{"embeddable":true,"href":"https:\/\/www.europesays.com\/africa\/wp-json\/wp\/v2\/users\/2"}],"replies":[{"embeddable":true,"href":"https:\/\/www.europesays.com\/africa\/wp-json\/wp\/v2\/comments?post=5570"}],"version-history":[{"count":0,"href":"https:\/\/www.europesays.com\/africa\/wp-json\/wp\/v2\/posts\/5570\/revisions"}],"wp:featuredmedia":[{"embeddable":true,"href":"https:\/\/www.europesays.com\/africa\/wp-json\/wp\/v2\/media\/5571"}],"wp:attachment":[{"href":"https:\/\/www.europesays.com\/africa\/wp-json\/wp\/v2\/media?parent=5570"}],"wp:term":[{"taxonomy":"category","embeddable":true,"href":"https:\/\/www.europesays.com\/africa\/wp-json\/wp\/v2\/categories?post=5570"},{"taxonomy":"post_tag","embeddable":true,"href":"https:\/\/www.europesays.com\/africa\/wp-json\/wp\/v2\/tags?post=5570"}],"curies":[{"name":"wp","href":"https:\/\/api.w.org\/{rel}","templated":true}]}}