{"id":563,"date":"2026-01-03T15:10:10","date_gmt":"2026-01-03T15:10:10","guid":{"rendered":"https:\/\/www.europesays.com\/africa\/563\/"},"modified":"2026-01-03T15:10:10","modified_gmt":"2026-01-03T15:10:10","slug":"can-2025-senegal-pape-thiaw-adoube-mbaye-la-pepite-du-psg","status":"publish","type":"post","link":"https:\/\/www.europesays.com\/africa\/563\/","title":{"rendered":"CAN 2025 &#8211; S\u00e9n\u00e9gal : Pape Thiaw adoube Mbaye, la p\u00e9pite du PSG"},"content":{"rendered":"<p class=\"p1\">Le Paris Saint-Germain se r\u00e9gale avec ses p\u00e9pites, mais il n&#8217;est pas le seul ! Depuis le d\u00e9but de la saison, Senny Mayulu s&#8217;est fait une place de choix dans le onze de Luis Enrique, profitant certes des absences r\u00e9p\u00e9t\u00e9es de D\u00e9sir\u00e9 Dou\u00e9 et Ousmane Demb\u00e9l\u00e9, mais prouvant qu&#8217;il m\u00e9rite compl\u00e8tement sa place.<\/p>\n<p class=\"p1\">Dans son sillage, c&#8217;est Ibrahim Mbaye qui a fait parler de lui. Buteur pour la premi\u00e8re fois de sa carri\u00e8re face au Stade Rennais, puis double passeur contre le FC Metz, le jeune attaquant de 17 ans a \u00e0 son tour crev\u00e9 l&#8217;\u00e9cran. Et surtout, il a surpris pas mal de monde en optant pour la s\u00e9lection s\u00e9n\u00e9galaise apr\u00e8s des passages en \u00e9quipe de France de jeunes.<\/p>\n<p>&#8220;C\u2019est pour \u00e7a qu\u2019on est all\u00e9 le chercher&#8221;<\/p>\n<p class=\"p1\">Un choix payant, le natif de Trappes se retrouvant convoqu\u00e9 pour la Coupe d&#8217;Afrique des Nations par Pape Thiaw. Joueur de rotation, il s&#8217;attire cependant les louanges de son coach et ses co\u00e9quipiers lors de chacune de ses apparitions, et Thiaw n&#8217;a pas h\u00e9sit\u00e9 \u00e0 en rajouter une couche avec le 8e de finale face au Soudan aujourd&#8217;hui \u00e0 17h00.<\/p>\n<p class=\"p1\">&#8220;Je n\u2019ai pas besoin de le juger, parce qu\u2019\u00e0 chaque fois que j\u2019arrive dans une conf\u00e9rence et qu\u2019il y a une question sur lui qui sort, \u00e7a veut dire qu\u2019il est en train de faire de bonnes choses, \u00e0 l\u2019image de tous les autres joueurs&#8221;, a-t-il d&#8217;abord expliqu\u00e9. &#8220;C\u2019est s\u00fbr qu\u2019il d\u00e9couvre la comp\u00e9tition comme Lamine Camara lors de la derni\u00e8re \u00e9dition. Il avait fait une excellente CAN. Esp\u00e9rons qu\u2019il fera \u00e7a aussi. Pour l\u2019instant il fait de bons matchs, et \u00e0 chaque fois qu\u2019il rentre, il donne le meilleur de lui-m\u00eame, pareil que les autres&#8221;, a salu\u00e9 Thiaw.<\/p>\n<p class=\"p1\">Il a aussi tenu \u00e0 mettre en avant le collectif \u00e0 travers cette r\u00e9ussite personnelle : &#8220;Je dirais que c\u2019est tout un collectif. Apr\u00e8s on sait tout le talent qu\u2019il a, c\u2019est pour \u00e7a qu\u2019on est all\u00e9 le chercher. La seule chose que j\u2019ai \u00e0 dire sur lui c\u2019est qu\u2019aujourd\u2019hui, c\u2019est une d\u00e9cision forte qu\u2019il a prise pour venir rejoindre la s\u00e9lection et pour faire un honneur \u00e0 ses parents&#8221;.<\/p>\n<p dir=\"ltr\" lang=\"fr\">\ud83c\udf99\ufe0f\ud83c\uddf8\ud83c\uddf3 \u00ab \u00c0 chaque fois qu\u2019il rentre, il donne le meilleur de lui-m\u00eame. \u00bb<\/p>\n<p>Ibrahima Mbaye encens\u00e9 par son coach Pape Thiaw en conf\u00e9rence de presse \u2728<\/p>\n<p>\ud83c\udf99\ufe0f: <a href=\"https:\/\/twitter.com\/Saikouseydi1?ref_src=twsrc%5Etfw\" rel=\"nofollow noopener\" target=\"_blank\">@Saikouseydi1<\/a> <a href=\"https:\/\/t.co\/focLixp36k\" rel=\"nofollow\">pic.twitter.com\/focLixp36k<\/a><\/p>\n<p>\u2014 Sport News Africa (@snewsafrica) <a href=\"https:\/\/twitter.com\/snewsafrica\/status\/2007097091882205553?ref_src=twsrc%5Etfw\" rel=\"nofollow noopener\" target=\"_blank\">January 2, 2026<\/a><\/p>\n<p>   Partagez cette info avec vos amis et vos proches en cliquant ici<br \/> Pour r\u00e9sumer<\/p>\n<p>Senny Mayulu et Ibrahim Mbaye, jeunes talents du PSG, brillent cette saison. Mbaye (17 ans), buteur et passeur, a choisi le S\u00e9n\u00e9gal et impressionne \u00e0 la CAN, salu\u00e9 par son entra\u00eeneur Pape Thiaw pour son impact et son engagement.<\/p>\n<p>R\u00e9dacteur<\/p>\n<p><img decoding=\"async\" width=\"76\" height=\"76\" loading=\"lazy\" src=\"https:\/\/www.europesays.com\/africa\/wp-content\/uploads\/2026\/01\/logo-antoine-chirat.jpg\" alt=\"Antoine Chirat\"\/><script async src=\"https:\/\/platform.twitter.com\/widgets.js\" charset=\"utf-8\"><\/script><\/p>\n","protected":false},"excerpt":{"rendered":"Le Paris Saint-Germain se r\u00e9gale avec ses p\u00e9pites, mais il n&#8217;est pas le seul ! Depuis le d\u00e9but&hellip;\n","protected":false},"author":2,"featured_media":564,"comment_status":"","ping_status":"","sticky":false,"template":"","format":"standard","meta":{"footnotes":""},"categories":[48],"tags":[360,768,159],"class_list":{"0":"post-563","1":"post","2":"type-post","3":"status-publish","4":"format-standard","5":"has-post-thumbnail","7":"category-senegal","8":"tag-can","9":"tag-psg","10":"tag-senegal"},"share_on_mastodon":{"url":"","error":""},"_links":{"self":[{"href":"https:\/\/www.europesays.com\/africa\/wp-json\/wp\/v2\/posts\/563","targetHints":{"allow":["GET"]}}],"collection":[{"href":"https:\/\/www.europesays.com\/africa\/wp-json\/wp\/v2\/posts"}],"about":[{"href":"https:\/\/www.europesays.com\/africa\/wp-json\/wp\/v2\/types\/post"}],"author":[{"embeddable":true,"href":"https:\/\/www.europesays.com\/africa\/wp-json\/wp\/v2\/users\/2"}],"replies":[{"embeddable":true,"href":"https:\/\/www.europesays.com\/africa\/wp-json\/wp\/v2\/comments?post=563"}],"version-history":[{"count":0,"href":"https:\/\/www.europesays.com\/africa\/wp-json\/wp\/v2\/posts\/563\/revisions"}],"wp:featuredmedia":[{"embeddable":true,"href":"https:\/\/www.europesays.com\/africa\/wp-json\/wp\/v2\/media\/564"}],"wp:attachment":[{"href":"https:\/\/www.europesays.com\/africa\/wp-json\/wp\/v2\/media?parent=563"}],"wp:term":[{"taxonomy":"category","embeddable":true,"href":"https:\/\/www.europesays.com\/africa\/wp-json\/wp\/v2\/categories?post=563"},{"taxonomy":"post_tag","embeddable":true,"href":"https:\/\/www.europesays.com\/africa\/wp-json\/wp\/v2\/tags?post=563"}],"curies":[{"name":"wp","href":"https:\/\/api.w.org\/{rel}","templated":true}]}}