{"id":5643,"date":"2026-01-05T19:01:07","date_gmt":"2026-01-05T19:01:07","guid":{"rendered":"https:\/\/www.europesays.com\/africa\/5643\/"},"modified":"2026-01-05T19:01:07","modified_gmt":"2026-01-05T19:01:07","slug":"le-fbi-sinvite-au-choc-algerie-rd-congo","status":"publish","type":"post","link":"https:\/\/www.europesays.com\/africa\/5643\/","title":{"rendered":"Le FBI s&#8217;invite au choc Alg\u00e9rie-RD Congo"},"content":{"rendered":"<p style=\"text-align: justify;\" data-start=\"106\" data-end=\"325\">Le Bureau f\u00e9d\u00e9ral d\u2019investigation, notoirement connu par son diminutif, FBI, sera pr\u00e9sent ce mardi pour le choc Alg\u00e9rie \u2013 RD Congo, au stade Moulay Hassan de Rabat, pour le compte des huiti\u00e8mes de finale de la CAN 2025.<\/p>\n<p style=\"text-align: justify;\" data-start=\"327\" data-end=\"561\">Une d\u00e9l\u00e9gation du Bureau f\u00e9d\u00e9ral d\u2019investigation am\u00e9ricain (FBI) sera pr\u00e9sente ce mardi au stade Moulay Hassan de Rabat, \u00e0 l\u2019occasion du match Alg\u00e9rie \u2013 RD Congo. Une pr\u00e9sence qui entre dans le cadre de la pr\u00e9paration du Mondial 2026. Cette mission supervisera de pr\u00e8s les dispositifs de s\u00e9curit\u00e9 et les protocoles de s\u00fbret\u00e9 mis en place par la CAF dans le cadre de la Coupe d\u2019Afrique des nations Maroc 2025, ont annonc\u00e9 plusieurs m\u00e9dias internationaux.<\/p>\n<p style=\"text-align: justify;\" data-start=\"783\" data-end=\"1334\">Le choix du match des Verts s\u2019explique essentiellement par son attractivit\u00e9 et l\u2019affluence qu\u2019il suscite. En effet, l\u2019Alg\u00e9rie est l\u2019une des rares nations durant cette CAN, apr\u00e8s le pays h\u00f4te, \u00e0 jouer pratiquement \u00e0 guichets ferm\u00e9s. La mission am\u00e9ricaine mettra l\u2019accent, selon des sources m\u00e9diatiques, sur la s\u00e9curisation de l\u2019acc\u00e8s des supporters, la coordination entre les forces de s\u00e9curit\u00e9 locales et les polices \u00e9trang\u00e8res op\u00e9rant au sein du Centre africain de coop\u00e9ration s\u00e9curitaire, ainsi que sur le suivi des \u00e9quipes d\u2019escorte sur le terrain.<\/p>\n<p style=\"text-align: justify;\" data-start=\"1336\" data-end=\"1768\" data-is-last-node=\"\" data-is-only-node=\"\">Une sorte de r\u00e9p\u00e9tition g\u00e9n\u00e9rale somme toute ordinaire ; les services de s\u00e9curit\u00e9 am\u00e9ricains multipliant les missions de ce genre \u00e0 chaque comp\u00e9tition internationale afin de s\u2019impr\u00e9gner des exp\u00e9riences locales en mati\u00e8re de s\u00e9curisation des grandes manifestations sportives, dans la perspective de l\u2019organisation de la Coupe du monde 2026, que les \u00c9tats-Unis accueilleront conjointement avec le Canada et le Mexique, l\u2019\u00e9t\u00e9 prochain.<\/p>\n<p>LIRE EGALEMENT : <a href=\"https:\/\/lagazettedufennec.com\/can-2025-algerie-un-fennec-definitivement-forfait-pour-la-suite-du-tournoi\/\" rel=\"nofollow noopener\" target=\"_blank\">CAN 2025\/Alg\u00e9rie : Un Fennec d\u00e9finitivement forfait pour la suite du tournoi !<\/a><\/p>\n","protected":false},"excerpt":{"rendered":"Le Bureau f\u00e9d\u00e9ral d\u2019investigation, notoirement connu par son diminutif, FBI, sera pr\u00e9sent ce mardi pour le choc Alg\u00e9rie&hellip;\n","protected":false},"author":2,"featured_media":5644,"comment_status":"","ping_status":"","sticky":false,"template":"","format":"standard","meta":{"footnotes":""},"categories":[254],"tags":[255,256,505,4288,4289,4290],"class_list":{"0":"post-5643","1":"post","2":"type-post","3":"status-publish","4":"format-standard","5":"has-post-thumbnail","7":"category-algerie","8":"tag-algerie","9":"tag-algu00e9rie-can","10":"tag-algu00e9rie-rd-congo","11":"tag-algu00e9rie-rd-congo-can-2025","12":"tag-algu00e9rie-rd-congo-coupe-dafrique","13":"tag-algu00e9rie-rd-congo-match"},"share_on_mastodon":{"url":"","error":""},"_links":{"self":[{"href":"https:\/\/www.europesays.com\/africa\/wp-json\/wp\/v2\/posts\/5643","targetHints":{"allow":["GET"]}}],"collection":[{"href":"https:\/\/www.europesays.com\/africa\/wp-json\/wp\/v2\/posts"}],"about":[{"href":"https:\/\/www.europesays.com\/africa\/wp-json\/wp\/v2\/types\/post"}],"author":[{"embeddable":true,"href":"https:\/\/www.europesays.com\/africa\/wp-json\/wp\/v2\/users\/2"}],"replies":[{"embeddable":true,"href":"https:\/\/www.europesays.com\/africa\/wp-json\/wp\/v2\/comments?post=5643"}],"version-history":[{"count":0,"href":"https:\/\/www.europesays.com\/africa\/wp-json\/wp\/v2\/posts\/5643\/revisions"}],"wp:featuredmedia":[{"embeddable":true,"href":"https:\/\/www.europesays.com\/africa\/wp-json\/wp\/v2\/media\/5644"}],"wp:attachment":[{"href":"https:\/\/www.europesays.com\/africa\/wp-json\/wp\/v2\/media?parent=5643"}],"wp:term":[{"taxonomy":"category","embeddable":true,"href":"https:\/\/www.europesays.com\/africa\/wp-json\/wp\/v2\/categories?post=5643"},{"taxonomy":"post_tag","embeddable":true,"href":"https:\/\/www.europesays.com\/africa\/wp-json\/wp\/v2\/tags?post=5643"}],"curies":[{"name":"wp","href":"https:\/\/api.w.org\/{rel}","templated":true}]}}