{"id":5645,"date":"2026-01-05T19:02:13","date_gmt":"2026-01-05T19:02:13","guid":{"rendered":"https:\/\/www.europesays.com\/africa\/5645\/"},"modified":"2026-01-05T19:02:13","modified_gmt":"2026-01-05T19:02:13","slug":"ce-que-cherche-vraiment-el-malick-ndiaye-avec-sa-tournee-a-linguere","status":"publish","type":"post","link":"https:\/\/www.europesays.com\/africa\/5645\/","title":{"rendered":"Ce que cherche vraiment El Malick Ndiaye avec sa tourn\u00e9e \u00e0 Lingu\u00e8re"},"content":{"rendered":"<p>La tourn\u00e9e d\u2019El Malick Ndiaye dans le d\u00e9partement de Lingu\u00e8re ne se limite pas \u00e0 une simple visite de courtoisie. \u00c0 travers ses diff\u00e9rentes \u00e9tapes \u00e0 Bark\u00e9dji, Lingu\u00e8re et Dahra Djoloff, ainsi que la mise en \u0153uvre de programmes sociaux et sanitaires, plusieurs objectifs politiques semblent clairement se dessiner.            <\/p>\n<p class=\"pread\" style=\"background: #fff6d3;font-size:17px !important;padding:0px 0 16px 0;border:none;font-family:'source-sans-pro' !important;color:#444 !important;\">\n<p>La suite est r\u00e9serv\u00e9e \u00e0 nos abonn\u00e9s.<br \/>D\u00e9j\u00e0 abonn\u00e9 ? <a href=\"https:\/\/www.senenews.com\/login?redirect_to=https:\/\/www.senenews.com\/premium\/plan-politique-ce-que-cherche-vraiment-el-malick-ndiaye-avec-sa-tournee-a-linguere_571584.html\" style=\"text-decoration: underline !important;font-weight: bold;\" rel=\"nofollow noopener\" target=\"_blank\">Se connecter<\/a><\/p>\n<p>Profitez de 3 mois offerts<br \/>et acc\u00e9dez \u00e0 tous nos contenus<br \/>sans aucune publicit\u00e9<\/p>\n<p style=\"text-align:center;font-size:14px;font-family:'source-sans-pro'\">\n<a href=\"https:\/\/www.senenews.com\/rejoignez-senenews-premium-pour-soutenir-une-redaction-libre-et-independante\" style=\"text-decoration:none!important;border-bottom:1px solid\" rel=\"nofollow noopener\" target=\"_blank\">Pourquoi vous devez soutenir l\u2019initiative Senenews Premium?<\/a><\/p>\n","protected":false},"excerpt":{"rendered":"La tourn\u00e9e d\u2019El Malick Ndiaye dans le d\u00e9partement de Lingu\u00e8re ne se limite pas \u00e0 une simple visite&hellip;\n","protected":false},"author":2,"featured_media":5646,"comment_status":"","ping_status":"","sticky":false,"template":"","format":"standard","meta":{"footnotes":""},"categories":[48],"tags":[161,281,248,159,163],"class_list":{"0":"post-5645","1":"post","2":"type-post","3":"status-publish","4":"format-standard","5":"has-post-thumbnail","7":"category-senegal","8":"tag-articles-premium","9":"tag-el-malick-ndiaye","10":"tag-politique","11":"tag-senegal","12":"tag-senegal-actualites"},"share_on_mastodon":{"url":"","error":""},"_links":{"self":[{"href":"https:\/\/www.europesays.com\/africa\/wp-json\/wp\/v2\/posts\/5645","targetHints":{"allow":["GET"]}}],"collection":[{"href":"https:\/\/www.europesays.com\/africa\/wp-json\/wp\/v2\/posts"}],"about":[{"href":"https:\/\/www.europesays.com\/africa\/wp-json\/wp\/v2\/types\/post"}],"author":[{"embeddable":true,"href":"https:\/\/www.europesays.com\/africa\/wp-json\/wp\/v2\/users\/2"}],"replies":[{"embeddable":true,"href":"https:\/\/www.europesays.com\/africa\/wp-json\/wp\/v2\/comments?post=5645"}],"version-history":[{"count":0,"href":"https:\/\/www.europesays.com\/africa\/wp-json\/wp\/v2\/posts\/5645\/revisions"}],"wp:featuredmedia":[{"embeddable":true,"href":"https:\/\/www.europesays.com\/africa\/wp-json\/wp\/v2\/media\/5646"}],"wp:attachment":[{"href":"https:\/\/www.europesays.com\/africa\/wp-json\/wp\/v2\/media?parent=5645"}],"wp:term":[{"taxonomy":"category","embeddable":true,"href":"https:\/\/www.europesays.com\/africa\/wp-json\/wp\/v2\/categories?post=5645"},{"taxonomy":"post_tag","embeddable":true,"href":"https:\/\/www.europesays.com\/africa\/wp-json\/wp\/v2\/tags?post=5645"}],"curies":[{"name":"wp","href":"https:\/\/api.w.org\/{rel}","templated":true}]}}