{"id":5666,"date":"2026-01-05T19:18:06","date_gmt":"2026-01-05T19:18:06","guid":{"rendered":"https:\/\/www.europesays.com\/africa\/5666\/"},"modified":"2026-01-05T19:18:06","modified_gmt":"2026-01-05T19:18:06","slug":"68-des-76-marches-de-poissons-desormais-connectes-zakia-driouich","status":"publish","type":"post","link":"https:\/\/www.europesays.com\/africa\/5666\/","title":{"rendered":"68 des 76 march\u00e9s de poissons d\u00e9sormais connect\u00e9s (Zakia Driouich)"},"content":{"rendered":"<p>En r\u00e9ponse \u00e0 une questions orales sur la \u00ab digitalisation du secteur de la p\u00eache \u00bb, Driouich a pr\u00e9cis\u00e9 que cette transformation concerne principalement les march\u00e9s de premi\u00e8re vente, avec un syst\u00e8me garantissant la transparence au b\u00e9n\u00e9fice des acheteurs. <br \/>\u00a0 <br \/>La digitalisation s\u2019\u00e9tend \u00e9galement aux zones de p\u00eache : toutes les navires op\u00e9rant dans les eaux marocaines sont d\u00e9sormais suivis par satellite, et un syst\u00e8me RFID (identification par radiofr\u00e9quence) permet de tracer les embarcations l\u00e9gales titulaires d\u2019une licence de p\u00eache, dans le cadre de la lutte contre la p\u00eache ill\u00e9gale. <br \/>\u00a0 <br \/>Selon la secr\u00e9taire d\u2019\u00c9tat, la num\u00e9risation couvre aussi la recherche scientifique, les plans d\u2019am\u00e9nagement et les moyens de production, tout en modernisant la commercialisation des produits maritimes. Depuis le lancement de la strat\u00e9gie \u00ab Halieutis \u00bb en 2009, le passage \u00e0 la digitalisation a \u00e9t\u00e9 amorc\u00e9 d\u00e8s l\u2019ann\u00e9e suivante, notamment pour l\u2019exportation, avec la substitution progressive des documents papier par des donn\u00e9es num\u00e9riques. <br \/>\u00a0 <br \/>S\u2019agissant de l\u2019\u00e9volution des prix du poisson sur le march\u00e9 national, Driouich a rappel\u00e9 qu\u2019ils sont d\u00e9termin\u00e9s par l\u2019offre et la demande et demeurent, pour l\u2019heure, \u00ab relativement raisonnables \u00bb, tenant compte des conditions climatiques, des co\u00fbts de navigation, de la cha\u00eene du froid, ainsi que des marges des interm\u00e9diaires et d\u00e9taillants. <br \/>\u00a0 <br \/>La secr\u00e9taire d\u2019\u00c9tat a \u00e9galement soulign\u00e9 les efforts gouvernementaux pour garantir l\u2019approvisionnement en produits alimentaires, en coordination avec les autorit\u00e9s comp\u00e9tentes, afin de r\u00e9guler les prix et de lutter contre les pratiques ill\u00e9gales et la sp\u00e9culation. La d\u00e9cision d\u2019interdire l\u2019exportation des sardines surgel\u00e9es \u00e0 compter du 1er f\u00e9vrier vise notamment \u00e0 renforcer l\u2019offre sur le march\u00e9 int\u00e9rieur et \u00e0 maintenir des prix stables, avec des initiatives sp\u00e9cifiques pr\u00e9vues pour le mois de Ramadan. <br \/>\u00a0 <br \/>Enfin, Driouich a insist\u00e9 sur l\u2019importance de la strat\u00e9gie gouvernementale visant \u00e0 assurer la durabilit\u00e9 des ressources halieutiques, \u00e0 renforcer la surveillance pour pr\u00e9server la biomasse, et \u00e0 moderniser les infrastructures et march\u00e9s locaux afin d\u2019optimiser la commercialisation des produits de la mer.<\/p>\n","protected":false},"excerpt":{"rendered":"En r\u00e9ponse \u00e0 une questions orales sur la \u00ab digitalisation du secteur de la p\u00eache \u00bb, Driouich a&hellip;\n","protected":false},"author":2,"featured_media":5667,"comment_status":"","ping_status":"","sticky":false,"template":"","format":"standard","meta":{"footnotes":""},"categories":[41],"tags":[554,553,555,556,563,565,560,567,561,557,162,566,564,558,559,158,562,248,239,310,568],"class_list":{"0":"post-5666","1":"post","2":"type-post","3":"status-publish","4":"format-standard","5":"has-post-thumbnail","7":"category-maroc","8":"tag-actualites","9":"tag-actualites-et-infos-au-maroc","10":"tag-actualites-et-infos-mondiale","11":"tag-actualites-marocaines-du-jour","12":"tag-alimentation","13":"tag-analyses","14":"tag-art-de-vivre","15":"tag-chronique","16":"tag-consommation-et-bien-etre","17":"tag-culture","18":"tag-economie","19":"tag-edito","20":"tag-etudes","21":"tag-insolite","22":"tag-loisirs","23":"tag-maroc","24":"tag-mode","25":"tag-politique","26":"tag-societe","27":"tag-sport","28":"tag-tribune"},"share_on_mastodon":{"url":"","error":""},"_links":{"self":[{"href":"https:\/\/www.europesays.com\/africa\/wp-json\/wp\/v2\/posts\/5666","targetHints":{"allow":["GET"]}}],"collection":[{"href":"https:\/\/www.europesays.com\/africa\/wp-json\/wp\/v2\/posts"}],"about":[{"href":"https:\/\/www.europesays.com\/africa\/wp-json\/wp\/v2\/types\/post"}],"author":[{"embeddable":true,"href":"https:\/\/www.europesays.com\/africa\/wp-json\/wp\/v2\/users\/2"}],"replies":[{"embeddable":true,"href":"https:\/\/www.europesays.com\/africa\/wp-json\/wp\/v2\/comments?post=5666"}],"version-history":[{"count":0,"href":"https:\/\/www.europesays.com\/africa\/wp-json\/wp\/v2\/posts\/5666\/revisions"}],"wp:featuredmedia":[{"embeddable":true,"href":"https:\/\/www.europesays.com\/africa\/wp-json\/wp\/v2\/media\/5667"}],"wp:attachment":[{"href":"https:\/\/www.europesays.com\/africa\/wp-json\/wp\/v2\/media?parent=5666"}],"wp:term":[{"taxonomy":"category","embeddable":true,"href":"https:\/\/www.europesays.com\/africa\/wp-json\/wp\/v2\/categories?post=5666"},{"taxonomy":"post_tag","embeddable":true,"href":"https:\/\/www.europesays.com\/africa\/wp-json\/wp\/v2\/tags?post=5666"}],"curies":[{"name":"wp","href":"https:\/\/api.w.org\/{rel}","templated":true}]}}