{"id":5734,"date":"2026-01-05T19:59:09","date_gmt":"2026-01-05T19:59:09","guid":{"rendered":"https:\/\/www.europesays.com\/africa\/5734\/"},"modified":"2026-01-05T19:59:09","modified_gmt":"2026-01-05T19:59:09","slug":"mahrez-fixe-le-cap-et-motive-la-nouvelle-generation","status":"publish","type":"post","link":"https:\/\/www.europesays.com\/africa\/5734\/","title":{"rendered":"Mahrez fixe le cap et motive la nouvelle g\u00e9n\u00e9ration"},"content":{"rendered":"<p style=\"text-align: justify;\">Riyad Mahrez a tenu un discours fort et rassembleur. Le capitaine des Verts a insist\u00e9 sur la n\u00e9cessit\u00e9 de rester ambitieux et affam\u00e9 de succ\u00e8s, tout en \u00e9voquant son r\u00f4le aupr\u00e8s des jeunes joueurs. Il a salu\u00e9 le potentiel d\u2019Ibrahim Maza, affirm\u00e9 sa motivation intacte avec la s\u00e9lection et abord\u00e9 avec s\u00e9rieux la confrontation face \u00e0 la RD Congo, soulignant l\u2019importance de rester concentr\u00e9s pour atteindre les objectifs fix\u00e9s.<\/p>\n<p>\u00ab Pour l\u2019instant, on n\u2019a pas rencontr\u00e9 de probl\u00e8me, hormis contre le Burkina Faso o\u00f9 on a souffert quelques minutes. Il y a des difficult\u00e9s \u00e0 venir, il faudra rester concentr\u00e9 et aller de l\u2019avant. \u00bb<\/p>\n<p>\u00ab Soulever la CAN ? \u00c7a serait un magnifique moment, mais je ne pense pas \u00e0 cela, il y a encore plusieurs \u00e9tapes, \u00e0 commencer par ce mardi. \u00bb<\/p>\n<p>\u00ab Je ne crois pas qu\u2019on puisse dire qu\u2019on est l\u2019un des favoris. On a bien jou\u00e9 en phase de poules, maintenant une rencontre difficile nous attend, il faut avancer \u00e9tape par \u00e9tape. \u00bb<\/p>\n<p>\u00ab J\u2019essaie d\u2019apporter mon soutien, il y a beaucoup de jeunes joueurs m\u00fbrs par rapport \u00e0 leurs \u00e2ges et qui sont conscients de la responsabilit\u00e9. L\u2019entra\u00eeneur de l\u2019\u00e9quipe nationale fait \u00e9galement un tr\u00e8s bon travail. \u00bb<\/p>\n<p>\u00ab Les jeunes doivent \u00e9voluer par eux-m\u00eames, on peut leur donner des conseils, mais au final il faut qu\u2019ils donnent leur meilleur. Ils peuvent \u00e9galement vivre des moments de doute pour apprendre \u00e0 avancer et s\u2019am\u00e9liorer. Je pense qu\u2019on a un bon groupe, mais il faudra garder cela et toujours viser \u00e0 \u00e9voluer \u00e0 l\u2019avenir. \u00bb<\/p>\n<p>\u00ab Ibrahim Maza est un jeune joueur excitant, il a tout pour devenir un joueur de classe mondiale. Mais il faut qu\u2019il continue de se concentrer et de travailler. Maza n\u2019est pas le seul, il y en a d\u2019autres comme Hadj Moussa, Cha\u00efbi, Abdelli et Amoura. Il y a de jeunes joueurs avec du talent et il faudra exploiter cela. \u00bb<\/p>\n<p>\u00ab La RD Congo est une bonne \u00e9quipe avec de bons joueurs. Je ne les ai pas beaucoup vus, mais on va bien les analyser. En huiti\u00e8mes de finale, il y a de bonnes \u00e9quipes et la RD Congo est l\u2019une d\u2019elles. Il faut entrer sur le terrain et montrer qu\u2019on peut se qualifier en quarts de finale. \u00bb<\/p>\n<p>\u00ab Je me sens bien, je crois que je peux encore donner plus \u00e0 l\u2019\u00e9quipe nationale. \u00bb<\/p>\n<p>\u00a0<\/p>\n","protected":false},"excerpt":{"rendered":"Riyad Mahrez a tenu un discours fort et rassembleur. Le capitaine des Verts a insist\u00e9 sur la n\u00e9cessit\u00e9&hellip;\n","protected":false},"author":2,"featured_media":5735,"comment_status":"","ping_status":"","sticky":false,"template":"","format":"standard","meta":{"footnotes":""},"categories":[254],"tags":[255,256,286,287,288,292],"class_list":{"0":"post-5734","1":"post","2":"type-post","3":"status-publish","4":"format-standard","5":"has-post-thumbnail","7":"category-algerie","8":"tag-algerie","9":"tag-algu00e9rie-can","10":"tag-mahrez","11":"tag-mahrez-algu00e9rie","12":"tag-mahrez-can-2025","13":"tag-riyad-mahrez"},"share_on_mastodon":{"url":"","error":""},"_links":{"self":[{"href":"https:\/\/www.europesays.com\/africa\/wp-json\/wp\/v2\/posts\/5734","targetHints":{"allow":["GET"]}}],"collection":[{"href":"https:\/\/www.europesays.com\/africa\/wp-json\/wp\/v2\/posts"}],"about":[{"href":"https:\/\/www.europesays.com\/africa\/wp-json\/wp\/v2\/types\/post"}],"author":[{"embeddable":true,"href":"https:\/\/www.europesays.com\/africa\/wp-json\/wp\/v2\/users\/2"}],"replies":[{"embeddable":true,"href":"https:\/\/www.europesays.com\/africa\/wp-json\/wp\/v2\/comments?post=5734"}],"version-history":[{"count":0,"href":"https:\/\/www.europesays.com\/africa\/wp-json\/wp\/v2\/posts\/5734\/revisions"}],"wp:featuredmedia":[{"embeddable":true,"href":"https:\/\/www.europesays.com\/africa\/wp-json\/wp\/v2\/media\/5735"}],"wp:attachment":[{"href":"https:\/\/www.europesays.com\/africa\/wp-json\/wp\/v2\/media?parent=5734"}],"wp:term":[{"taxonomy":"category","embeddable":true,"href":"https:\/\/www.europesays.com\/africa\/wp-json\/wp\/v2\/categories?post=5734"},{"taxonomy":"post_tag","embeddable":true,"href":"https:\/\/www.europesays.com\/africa\/wp-json\/wp\/v2\/tags?post=5734"}],"curies":[{"name":"wp","href":"https:\/\/api.w.org\/{rel}","templated":true}]}}