{"id":5736,"date":"2026-01-05T20:00:07","date_gmt":"2026-01-05T20:00:07","guid":{"rendered":"https:\/\/www.europesays.com\/africa\/5736\/"},"modified":"2026-01-05T20:00:07","modified_gmt":"2026-01-05T20:00:07","slug":"la-naissance-de-baye-niass-borom-faydou-bi-celebree-ce-lundi-05-janvier-2026","status":"publish","type":"post","link":"https:\/\/www.europesays.com\/africa\/5736\/","title":{"rendered":"La naissance de Baye Niass &#8216;Borom Faydou bi&#8217; c\u00e9l\u00e9br\u00e9e ce lundi 05 janvier 2026"},"content":{"rendered":"<p>Ta\u00efba Niass\u00e8ne est le lieu de convergence des Talib\u00e9s Baye, ce lundi 5 janvier 2026. En effet, des milliers de fid\u00e8les sont attendus aujourd&#8217;hui dans cette localit\u00e9 situ\u00e9e dans la r\u00e9gion de Kaolack pour comm\u00e9morer la naissance de Cheikh Al Islam Elhadji Ibrahima Niass dit Baye (1900 &#8211; 1975).<\/p>\n<p>\u00a0<\/p>\n<p>D\u00e9j\u00e0, des talib\u00e9s de nationalit\u00e9s diverses ont ralli\u00e9 tr\u00e8s t\u00f4t la cit\u00e9 religieuse et pris d&#8217;assaut la maison de Baye Niass et la grande mosqu\u00e9e pour effectuer leurs &#8221;Ziar&#8221;. Des conf\u00e9rences sur la vie et l&#8217;\u0153uvre de Baye Niass, des causeries, et des chants religieux \u00e9crits par Baye Niass et d\u00e9di\u00e9s au Proph\u00e8te Muhammad (PSL) et \u00e0 Cheikh Ahmed Tidiane, fondateur de la Tarikha Tidianya, seront au menu de cette journ\u00e9e sainte. \u00c9galement, une c\u00e9r\u00e9monie officielle aura lieu apr\u00e8s la pri\u00e8re de 17 heures, en pr\u00e9sence du Khalife g\u00e9n\u00e9ral de la Fayda, Cheikh Mouhamadoul Mahy Niass, des dignitaires de la Fayda, mais \u00e9galement une d\u00e9l\u00e9gation de l\u2019\u00c9tat et des autorit\u00e9s administratives.<\/p>\n<p>\u00a0<\/p>\n","protected":false},"excerpt":{"rendered":"Ta\u00efba Niass\u00e8ne est le lieu de convergence des Talib\u00e9s Baye, ce lundi 5 janvier 2026. En effet, des&hellip;\n","protected":false},"author":2,"featured_media":5737,"comment_status":"","ping_status":"","sticky":false,"template":"","format":"standard","meta":{"footnotes":""},"categories":[48],"tags":[64,274,279,273,277,278,271,281,283,272,280,276,275,159,282],"class_list":{"0":"post-5736","1":"post","2":"type-post","3":"status-publish","4":"format-standard","5":"has-post-thumbnail","7":"category-senegal","8":"tag-afrique","9":"tag-aliou-cisse","10":"tag-amadou-ba","11":"tag-apr","12":"tag-bassirou-diomaye-faye","13":"tag-bathelemy-dias","14":"tag-dakar","15":"tag-el-malick-ndiaye","16":"tag-guy-marius-sagna","17":"tag-macky-sall","18":"tag-madiambal-diagne","19":"tag-ousmane-sonko","20":"tag-pastef","21":"tag-senegal","22":"tag-ziguinchor"},"share_on_mastodon":{"url":"","error":""},"_links":{"self":[{"href":"https:\/\/www.europesays.com\/africa\/wp-json\/wp\/v2\/posts\/5736","targetHints":{"allow":["GET"]}}],"collection":[{"href":"https:\/\/www.europesays.com\/africa\/wp-json\/wp\/v2\/posts"}],"about":[{"href":"https:\/\/www.europesays.com\/africa\/wp-json\/wp\/v2\/types\/post"}],"author":[{"embeddable":true,"href":"https:\/\/www.europesays.com\/africa\/wp-json\/wp\/v2\/users\/2"}],"replies":[{"embeddable":true,"href":"https:\/\/www.europesays.com\/africa\/wp-json\/wp\/v2\/comments?post=5736"}],"version-history":[{"count":0,"href":"https:\/\/www.europesays.com\/africa\/wp-json\/wp\/v2\/posts\/5736\/revisions"}],"wp:featuredmedia":[{"embeddable":true,"href":"https:\/\/www.europesays.com\/africa\/wp-json\/wp\/v2\/media\/5737"}],"wp:attachment":[{"href":"https:\/\/www.europesays.com\/africa\/wp-json\/wp\/v2\/media?parent=5736"}],"wp:term":[{"taxonomy":"category","embeddable":true,"href":"https:\/\/www.europesays.com\/africa\/wp-json\/wp\/v2\/categories?post=5736"},{"taxonomy":"post_tag","embeddable":true,"href":"https:\/\/www.europesays.com\/africa\/wp-json\/wp\/v2\/tags?post=5736"}],"curies":[{"name":"wp","href":"https:\/\/api.w.org\/{rel}","templated":true}]}}