{"id":5757,"date":"2026-01-05T20:14:11","date_gmt":"2026-01-05T20:14:11","guid":{"rendered":"https:\/\/www.europesays.com\/africa\/5757\/"},"modified":"2026-01-05T20:14:11","modified_gmt":"2026-01-05T20:14:11","slug":"senegal-hajj-2026-au-pays-ouverture-officielle-des-inscriptions-pour-le-pelerinage-a-la-mecque","status":"publish","type":"post","link":"https:\/\/www.europesays.com\/africa\/5757\/","title":{"rendered":"S\u00e9n\u00e9gal: Hajj 2026 au pays &#8211; Ouverture officielle des inscriptions pour le p\u00e8lerinage \u00e0 la Mecque"},"content":{"rendered":"<p class=\"story-body-text\" data-para-word-count=\"41\">Le\u00a0Hajj 2026\u00a0au S\u00e9n\u00e9gal entre dans sa phase pr\u00e9paratoire avec le\u00a0lancement officiel des inscriptions au p\u00e8lerinage \u00e0 La Mecque. \u00c0 compter du\u00a0mardi 6 janvier 2026, les autorit\u00e9s s\u00e9n\u00e9galaises ouvrent les\u00a0proc\u00e9dures d\u2019inscription au Hajj pour tous les candidats sur l\u2019ensemble du territoire national.<\/p>\n<p class=\"story-body-text\" data-para-word-count=\"41\">\u00c0\u00a0Dakar, les inscriptions se d\u00e9rouleront au\u00a0Hangar des p\u00e8lerins, situ\u00e9 \u00e0 l\u2019a\u00e9roport international L\u00e9opold S\u00e9dar Senghor de Yoff. Pour faciliter l\u2019acc\u00e8s aux d\u00e9marches pour les fid\u00e8les de l\u2019int\u00e9rieur du pays,\u00a0cinq centres r\u00e9gionaux Hajj\u00a0ont \u00e9t\u00e9 mis en place \u00e0\u00a0Ziguinchor, Saint-Louis, Tambacounda, Touba (Diourbel)\u00a0et\u00a0Kaolack.<\/p>\n<p class=\"story-body-text\" data-para-word-count=\"9\">Le processus d\u2019inscription au\u00a0Hajj 2026\u00a0comprend plusieurs \u00e9tapes essentielles :<\/p>\n<p> Examens m\u00e9dicaux d\u2019aptitude\u00a0pour les p\u00e8lerins, Vaccinations obligatoires, R\u00e9gularisation des documents administratifs\u00a0(passeport et carte nationale d\u2019identit\u00e9), Formalit\u00e9s bancaires, Constitution des titres de voyage\u00a0et organisation des vols vers La Mecque. <\/p>\n<p class=\"story-body-text\" data-para-word-count=\"27\">Les autorit\u00e9s rappellent l\u2019importance du\u00a0respect strict du calendrier. La\u00a0date limite pour s\u2019inscrire au Hajj 2026\u00a0est fix\u00e9e au\u00a07 f\u00e9vrier 2026, d\u00e9lai pass\u00e9 lequel aucun dossier ne sera accept\u00e9.<\/p>\n<p class=\"story-body-text\" data-para-word-count=\"22\">Les futurs p\u00e8lerins sont donc invit\u00e9s \u00e0\u00a0entamer rapidement leurs d\u00e9marches\u00a0afin de garantir leur participation au\u00a0p\u00e8lerinage \u00e0 La Mecque 2026\u00a0dans les meilleures conditions.<\/p>\n","protected":false},"excerpt":{"rendered":"Le\u00a0Hajj 2026\u00a0au S\u00e9n\u00e9gal entre dans sa phase pr\u00e9paratoire avec le\u00a0lancement officiel des inscriptions au p\u00e8lerinage \u00e0 La Mecque.&hellip;\n","protected":false},"author":2,"featured_media":5758,"comment_status":"","ping_status":"","sticky":false,"template":"","format":"standard","meta":{"footnotes":""},"categories":[48],"tags":[63,83,265,262,96,261,2042,159,264,263,266,325],"class_list":{"0":"post-5757","1":"post","2":"type-post","3":"status-publish","4":"format-standard","5":"has-post-thumbnail","7":"category-senegal","8":"tag-africa","9":"tag-business","10":"tag-current-events","11":"tag-economy","12":"tag-news","13":"tag-politics","14":"tag-religion","15":"tag-senegal","16":"tag-sports","17":"tag-trade","18":"tag-travel","19":"tag-west-africa"},"share_on_mastodon":{"url":"","error":""},"_links":{"self":[{"href":"https:\/\/www.europesays.com\/africa\/wp-json\/wp\/v2\/posts\/5757","targetHints":{"allow":["GET"]}}],"collection":[{"href":"https:\/\/www.europesays.com\/africa\/wp-json\/wp\/v2\/posts"}],"about":[{"href":"https:\/\/www.europesays.com\/africa\/wp-json\/wp\/v2\/types\/post"}],"author":[{"embeddable":true,"href":"https:\/\/www.europesays.com\/africa\/wp-json\/wp\/v2\/users\/2"}],"replies":[{"embeddable":true,"href":"https:\/\/www.europesays.com\/africa\/wp-json\/wp\/v2\/comments?post=5757"}],"version-history":[{"count":0,"href":"https:\/\/www.europesays.com\/africa\/wp-json\/wp\/v2\/posts\/5757\/revisions"}],"wp:featuredmedia":[{"embeddable":true,"href":"https:\/\/www.europesays.com\/africa\/wp-json\/wp\/v2\/media\/5758"}],"wp:attachment":[{"href":"https:\/\/www.europesays.com\/africa\/wp-json\/wp\/v2\/media?parent=5757"}],"wp:term":[{"taxonomy":"category","embeddable":true,"href":"https:\/\/www.europesays.com\/africa\/wp-json\/wp\/v2\/categories?post=5757"},{"taxonomy":"post_tag","embeddable":true,"href":"https:\/\/www.europesays.com\/africa\/wp-json\/wp\/v2\/tags?post=5757"}],"curies":[{"name":"wp","href":"https:\/\/api.w.org\/{rel}","templated":true}]}}