{"id":5833,"date":"2026-01-05T21:11:07","date_gmt":"2026-01-05T21:11:07","guid":{"rendered":"https:\/\/www.europesays.com\/africa\/5833\/"},"modified":"2026-01-05T21:11:07","modified_gmt":"2026-01-05T21:11:07","slug":"can-2025-claude-le-roy-fracasse-la-caf-avant-algerie-rd-congo","status":"publish","type":"post","link":"https:\/\/www.europesays.com\/africa\/5833\/","title":{"rendered":"CAN 2025, Claude Le Roy fracasse la CAF avant Alg\u00e9rie &#8211; RD Congo"},"content":{"rendered":"<p>Les propos de Claude Le Roy sont illustr\u00e9s dans ces huiti\u00e8mes de finale de la CAN 2025. Alors que les Fennecs, leaders avec neuf points, h\u00e9ritent de la RD Congo, le Mali, deuxi\u00e8me du groupe A avec seulement trois points, affronte la Tunisie, deuxi\u00e8me du groupe C avec quatre unit\u00e9s. M\u00eame constat pour l\u2019Afrique du Sud, cr\u00e9dit\u00e9e de six points et oppos\u00e9e au Cameroun (sept points), tandis que le Maroc, pourtant \u00e0 sept points, a crois\u00e9 la route de la Tanzanie, qui n\u2019en comptait que deux. Pour Claude Le Roy, ces d\u00e9s\u00e9quilibres nuisent \u00e0 la lisibilit\u00e9 et \u00e0 l\u2019\u00e9quit\u00e9 sportive de la CAN 2025.<\/p>\n<p>Malgr\u00e9 ses critiques virulentes, Claude Le Roy s\u2019attend \u00e0 une rencontre engag\u00e9e et ind\u00e9cise entre l\u2019Alg\u00e9rie et la RD Congo. L\u2019ancien technicien anticipe un match \u00ab chaud \u00bb ce mardi \u00e0 17 heures, dont l\u2019issue p\u00e8sera lourd pour la suite de la comp\u00e9tition. Le vainqueur de ce duel \u00e0 haute intensit\u00e9 devra ensuite se mesurer au Nigeria ou au Mozambique, prolongeant un parcours sem\u00e9 d\u2019emb\u00fbches dans une CAN 2025 plus disput\u00e9e que jamais.<\/p>\n","protected":false},"excerpt":{"rendered":"Les propos de Claude Le Roy sont illustr\u00e9s dans ces huiti\u00e8mes de finale de la CAN 2025. Alors&hellip;\n","protected":false},"author":2,"featured_media":5834,"comment_status":"","ping_status":"","sticky":false,"template":"","format":"standard","meta":{"footnotes":""},"categories":[254],"tags":[146,390,391,255,389,4412,388],"class_list":{"0":"post-5833","1":"post","2":"type-post","3":"status-publish","4":"format-standard","5":"has-post-thumbnail","7":"category-algerie","8":"tag-africa-cup-of-nations","9":"tag-algeria","10":"tag-algeria-vs-dr-congo","11":"tag-algerie","12":"tag-algerie-vs-dr-congo","13":"tag-c-le-roy","14":"tag-dr-congo"},"share_on_mastodon":{"url":"","error":""},"_links":{"self":[{"href":"https:\/\/www.europesays.com\/africa\/wp-json\/wp\/v2\/posts\/5833","targetHints":{"allow":["GET"]}}],"collection":[{"href":"https:\/\/www.europesays.com\/africa\/wp-json\/wp\/v2\/posts"}],"about":[{"href":"https:\/\/www.europesays.com\/africa\/wp-json\/wp\/v2\/types\/post"}],"author":[{"embeddable":true,"href":"https:\/\/www.europesays.com\/africa\/wp-json\/wp\/v2\/users\/2"}],"replies":[{"embeddable":true,"href":"https:\/\/www.europesays.com\/africa\/wp-json\/wp\/v2\/comments?post=5833"}],"version-history":[{"count":0,"href":"https:\/\/www.europesays.com\/africa\/wp-json\/wp\/v2\/posts\/5833\/revisions"}],"wp:featuredmedia":[{"embeddable":true,"href":"https:\/\/www.europesays.com\/africa\/wp-json\/wp\/v2\/media\/5834"}],"wp:attachment":[{"href":"https:\/\/www.europesays.com\/africa\/wp-json\/wp\/v2\/media?parent=5833"}],"wp:term":[{"taxonomy":"category","embeddable":true,"href":"https:\/\/www.europesays.com\/africa\/wp-json\/wp\/v2\/categories?post=5833"},{"taxonomy":"post_tag","embeddable":true,"href":"https:\/\/www.europesays.com\/africa\/wp-json\/wp\/v2\/tags?post=5833"}],"curies":[{"name":"wp","href":"https:\/\/api.w.org\/{rel}","templated":true}]}}