{"id":5835,"date":"2026-01-05T21:12:48","date_gmt":"2026-01-05T21:12:48","guid":{"rendered":"https:\/\/www.europesays.com\/africa\/5835\/"},"modified":"2026-01-05T21:12:48","modified_gmt":"2026-01-05T21:12:48","slug":"le-senegal-suspend-toute-extradition-vers-la-france-et-accuse-paris-de-ne-pas-acceder-a-ses-demandes","status":"publish","type":"post","link":"https:\/\/www.europesays.com\/africa\/5835\/","title":{"rendered":"Le S\u00e9n\u00e9gal suspend toute extradition vers la France et accuse Paris de ne pas acc\u00e9der \u00e0 ses demandes"},"content":{"rendered":"<p class=\"mb-4 text-lg md:leading-8 break-words\">Avec notre correspondante \u00e0 Dakar, Pauline Le Troquier<\/p>\n<p class=\"mb-4 text-lg md:leading-8 break-words\">La ministre s\u00e9n\u00e9galaise de la <a href=\"https:\/\/www.rfi.fr\/fr\/tag\/justice\/\" class=\"link \" rel=\"nofollow noopener\" target=\"_blank\" data-ylk=\"slk:Justice;elm:context_link;itc:0;sec:content-canvas\">Justice<\/a> Yacine Fall a rappel\u00e9 jeudi 11 d\u00e9cembre que Paris n\u2019avait toujours pas r\u00e9pondu aux demandes d\u2019extradition de deux S\u00e9n\u00e9galais. Aucun nom n\u2019a \u00e9t\u00e9 donn\u00e9, mais \u00e0 ce jour, deux cas sont connus pour faire l\u2019objet de ce type de proc\u00e9dure entre la France et le S\u00e9n\u00e9gal\u00a0: Doro Gaye et Madiambal Diagne. Ces deux proches de <a href=\"https:\/\/www.rfi.fr\/fr\/tag\/macky-sall\/\" class=\"link \" rel=\"nofollow noopener\" target=\"_blank\" data-ylk=\"slk:Macky Sall;elm:context_link;itc:0;sec:content-canvas\">Macky Sall<\/a> sont <a href=\"https:\/\/fr.news.yahoo.com\/s%C3%A9n%C3%A9gal-mandat-darr%C3%AAt-international-lanc%C3%A9-022905253.html\" data-ylk=\"slk:poursuivis dans deux affaires distinctes d\u2019infractions financi\u00e8res;elm:context_link;itc:0;sec:content-canvas;outcm:mb_qualified_link;_E:mb_qualified_link;ct:story;\" class=\"link  yahoo-link\" rel=\"nofollow noopener\" target=\"_blank\">poursuivis dans deux affaires distinctes d\u2019infractions financi\u00e8res<\/a>.<\/p>\n<p class=\"mb-4 text-lg md:leading-8 break-words\">Dans un communiqu\u00e9 publi\u00e9 vendredi 12 d\u00e9cembre, les avocats de Madiambal Diagne estiment que la d\u00e9cision cible directement leur client et vise \u00e0 faire \u00ab\u00a0pression\u00a0\u00bb sur Paris. Le 25 novembre, la justice fran\u00e7aise n\u2019avait pas tranch\u00e9 <a href=\"https:\/\/fr.news.yahoo.com\/patron-presse-s%C3%A9n%C3%A9galais-madiambal-diagne-183159582.html\" data-ylk=\"slk:sur sa demande d\u2019extradition;elm:context_link;itc:0;sec:content-canvas;outcm:mb_qualified_link;_E:mb_qualified_link;ct:story;\" class=\"link  yahoo-link\" rel=\"nofollow noopener\" target=\"_blank\">sur sa demande d\u2019extradition<\/a>, au motif qu\u2019elle avait besoin de plus d&#8217;informations pour le faire. Cela \u00e0 la fois sur les faits reproch\u00e9s \u00e0 cette voix critique du pouvoir actuel, mais aussi sur les garanties d\u2019un proc\u00e8s \u00e9quitable.<\/p>\n<p class=\"mb-4 text-lg md:leading-8 break-words\">Pour les avocats de Madiambal Diagne, la posture s\u00e9n\u00e9galaise \u00ab\u00a0trahit l&#8217;impossibilit\u00e9\u00a0\u00bb pour Dakar de fournir ces compl\u00e9ments \u00ab\u00a0compte tenu du caract\u00e8re politique des poursuites\u00a0\u00bb. La d\u00e9fense \u00ab\u00a0entend bien tirer profit\u00a0\u00bb du tournant diplomatique pris par le dossier, commente un professeur de droit international.<\/p>\n<p class=\"mb-4 text-lg md:leading-8 break-words\">Officiellement, Dakar fait valoir la stricte application de la r\u00e9ciprocit\u00e9. La <a href=\"https:\/\/www.rfi.fr\/fr\/tag\/france\/\" class=\"link \" rel=\"nofollow noopener\" target=\"_blank\" data-ylk=\"slk:France;elm:context_link;itc:0;sec:content-canvas\">France<\/a> demande, de son c\u00f4t\u00e9, l\u2019extradition de 12\u00a0personnes du <a href=\"https:\/\/www.rfi.fr\/fr\/tag\/s\u00e9n\u00e9gal\/\" class=\"link \" rel=\"nofollow noopener\" target=\"_blank\" data-ylk=\"slk:S\u00e9n\u00e9gal;elm:context_link;itc:0;sec:content-canvas\">S\u00e9n\u00e9gal<\/a>.<\/p>\n","protected":false},"excerpt":{"rendered":"Avec notre correspondante \u00e0 Dakar, Pauline Le Troquier La ministre s\u00e9n\u00e9galaise de la Justice Yacine Fall a rappel\u00e9&hellip;\n","protected":false},"author":2,"featured_media":5836,"comment_status":"","ping_status":"","sticky":false,"template":"","format":"standard","meta":{"footnotes":""},"categories":[48],"tags":[271,4414,4413,280,159],"class_list":{"0":"post-5835","1":"post","2":"type-post","3":"status-publish","4":"format-standard","5":"has-post-thumbnail","7":"category-senegal","8":"tag-dakar","9":"tag-doro-gaye","10":"tag-justice-francaise","11":"tag-madiambal-diagne","12":"tag-senegal"},"share_on_mastodon":{"url":"","error":""},"_links":{"self":[{"href":"https:\/\/www.europesays.com\/africa\/wp-json\/wp\/v2\/posts\/5835","targetHints":{"allow":["GET"]}}],"collection":[{"href":"https:\/\/www.europesays.com\/africa\/wp-json\/wp\/v2\/posts"}],"about":[{"href":"https:\/\/www.europesays.com\/africa\/wp-json\/wp\/v2\/types\/post"}],"author":[{"embeddable":true,"href":"https:\/\/www.europesays.com\/africa\/wp-json\/wp\/v2\/users\/2"}],"replies":[{"embeddable":true,"href":"https:\/\/www.europesays.com\/africa\/wp-json\/wp\/v2\/comments?post=5835"}],"version-history":[{"count":0,"href":"https:\/\/www.europesays.com\/africa\/wp-json\/wp\/v2\/posts\/5835\/revisions"}],"wp:featuredmedia":[{"embeddable":true,"href":"https:\/\/www.europesays.com\/africa\/wp-json\/wp\/v2\/media\/5836"}],"wp:attachment":[{"href":"https:\/\/www.europesays.com\/africa\/wp-json\/wp\/v2\/media?parent=5835"}],"wp:term":[{"taxonomy":"category","embeddable":true,"href":"https:\/\/www.europesays.com\/africa\/wp-json\/wp\/v2\/categories?post=5835"},{"taxonomy":"post_tag","embeddable":true,"href":"https:\/\/www.europesays.com\/africa\/wp-json\/wp\/v2\/tags?post=5835"}],"curies":[{"name":"wp","href":"https:\/\/api.w.org\/{rel}","templated":true}]}}