{"id":5853,"date":"2026-01-05T21:25:06","date_gmt":"2026-01-05T21:25:06","guid":{"rendered":"https:\/\/www.europesays.com\/africa\/5853\/"},"modified":"2026-01-05T21:25:06","modified_gmt":"2026-01-05T21:25:06","slug":"la-rd-congo-part-avec-un-avantage-face-a-lalgerie-a-la-can-2025","status":"publish","type":"post","link":"https:\/\/www.europesays.com\/africa\/5853\/","title":{"rendered":"La RD Congo part avec un avantage face \u00e0 l&#8217;Alg\u00e9rie \u00e0 la CAN 2025"},"content":{"rendered":"<p style=\"text-align: justify\">L\u2019Alg\u00e9rie affrontera, demain (17h00) au stade Moulay Hassan de Rabat, la RD Congo. L\u2019adversaire, qui a jou\u00e9 ses matchs du premier tour dans les antres d\u2019Ibn-Batouta (Tanger) et celui d\u2019Al Madina (Rabat), conna\u00eet parfaitement les lieux. L\u2019enceintre qui abritera ce choc des 1\/8 de finale de la CAN 2025 a d\u00e9j\u00e0 vu les Congolais triompher dans un match \u00e0 enjeu en novembre dernier face au Nig\u00e9ria. Et c\u2019\u00e9tait, peu au prou dans un contexte similaire.<\/p>\n<p style=\"text-align: justify\">Le 16 novembre dernier, la RDC s\u2019offrait le scalp du Nig\u00e9ria au stade Moulay Hassan, fra\u00eechement inaugur\u00e9 pour se hisser au dernier tour des barrages pour la Coupe du Monde 2026. Ainsi, les prot\u00e9g\u00e9s de S\u00e9bastien Desabre joueront pour une place au Mondial en mars prochain au Mexique en affrontant soit la Nouvelle-Cal\u00e9donie ou la Jama\u00efque.<\/p>\n<p>Les L\u00e9opards ont un ma\u00eetrise fra\u00eeche des matchs \u00e0 \u00e9limination directe<\/p>\n<p style=\"text-align: justify\">Clairement, l\u2019\u00e9crin footballistique rabatais rappelle de beaux souvenirs aux co\u00e9quipiers de Chancel Mbemba. Mais ce n\u2019est pas tout. En effet, les Congolais\u00a0avaient \u00e9vinc\u00e9 le Cameroun\u00a0en demi-finale des barrages trois jours plus t\u00f4t. On voit qu\u2019ils ont une certaine ma\u00eetrise des matchs \u00e0 \u00e9limination directe. Et c\u2019est dans le m\u00eame contexte que se jouera leur duel face aux camarades de Riyad Mahrez qui n\u2019ont plus conna\u00eet cette atmosph\u00e8re depuis la CAN 2019 lorsqu\u2019ils \u00e9taient all\u00e9s au bout de l\u2019aventure en d\u00e9crochant le troph\u00e9e en Egypte.<\/p>\n<p style=\"text-align: justify\">Psychologiquement, on peut penser que l\u2019adversaire d\u2019El-Khadra peut avoir un petit ascendant pour ce qui est de ce param\u00e8tres. Apr\u00e8s, cela n\u2019enl\u00e8ve rien \u00e0 l\u2019ambition des Guerriers du D\u00e9sert pour prolonger leur aventure et atteindre les quarts de finale. En cas de succ\u00e8s, il vont retrouver le vainqueur entre le Nig\u00e9ria et le Mozambique\u00a0qui s\u2019affrontent ce soir \u00e0 20h00 au Complexe sportif de Fes.<\/p>\n","protected":false},"excerpt":{"rendered":"L\u2019Alg\u00e9rie affrontera, demain (17h00) au stade Moulay Hassan de Rabat, la RD Congo. L\u2019adversaire, qui a jou\u00e9 ses&hellip;\n","protected":false},"author":2,"featured_media":5854,"comment_status":"","ping_status":"","sticky":false,"template":"","format":"standard","meta":{"footnotes":""},"categories":[254],"tags":[255,505,4418,381,4419,1269,4420,122,292,4421,509,2079,1271],"class_list":{"0":"post-5853","1":"post","2":"type-post","3":"status-publish","4":"format-standard","5":"has-post-thumbnail","7":"category-algerie","8":"tag-algerie","9":"tag-algu00e9rie-rd-congo","10":"tag-barrages-caf-mondial-2026","11":"tag-cameroun","12":"tag-can-2019","13":"tag-lu00e9opards","14":"tag-mbemba","15":"tag-nigeria","16":"tag-riyad-mahrez","17":"tag-stade-moulay-hassan","18":"tag-su00e9bastien-desabre","19":"tag-tanger","20":"tag-vladimir-petkovic"},"share_on_mastodon":{"url":"","error":""},"_links":{"self":[{"href":"https:\/\/www.europesays.com\/africa\/wp-json\/wp\/v2\/posts\/5853","targetHints":{"allow":["GET"]}}],"collection":[{"href":"https:\/\/www.europesays.com\/africa\/wp-json\/wp\/v2\/posts"}],"about":[{"href":"https:\/\/www.europesays.com\/africa\/wp-json\/wp\/v2\/types\/post"}],"author":[{"embeddable":true,"href":"https:\/\/www.europesays.com\/africa\/wp-json\/wp\/v2\/users\/2"}],"replies":[{"embeddable":true,"href":"https:\/\/www.europesays.com\/africa\/wp-json\/wp\/v2\/comments?post=5853"}],"version-history":[{"count":0,"href":"https:\/\/www.europesays.com\/africa\/wp-json\/wp\/v2\/posts\/5853\/revisions"}],"wp:featuredmedia":[{"embeddable":true,"href":"https:\/\/www.europesays.com\/africa\/wp-json\/wp\/v2\/media\/5854"}],"wp:attachment":[{"href":"https:\/\/www.europesays.com\/africa\/wp-json\/wp\/v2\/media?parent=5853"}],"wp:term":[{"taxonomy":"category","embeddable":true,"href":"https:\/\/www.europesays.com\/africa\/wp-json\/wp\/v2\/categories?post=5853"},{"taxonomy":"post_tag","embeddable":true,"href":"https:\/\/www.europesays.com\/africa\/wp-json\/wp\/v2\/tags?post=5853"}],"curies":[{"name":"wp","href":"https:\/\/api.w.org\/{rel}","templated":true}]}}