{"id":5879,"date":"2026-01-05T21:42:08","date_gmt":"2026-01-05T21:42:08","guid":{"rendered":"https:\/\/www.europesays.com\/africa\/5879\/"},"modified":"2026-01-05T21:42:08","modified_gmt":"2026-01-05T21:42:08","slug":"deux-morts-et-quatre-blesses-dans-leffondrement-partiel-dun-immeuble","status":"publish","type":"post","link":"https:\/\/www.europesays.com\/africa\/5879\/","title":{"rendered":"Deux morts et quatre bless\u00e9s dans l&#8217;effondrement partiel d&#8217;un immeuble"},"content":{"rendered":"<p>\t\t <br class=\"texte clear\" \/><\/p>\n<p>\t\t <br class=\"texte clear\" \/><\/p>\n<p>R\u00e9dig\u00e9 par L&#8217;Opinion Avec MAP le Lundi 5 Janvier 2026<\/p>\n<p>\t\t\t\t Deux personnes ont trouv\u00e9 la mort et quatre autres ont \u00e9t\u00e9 bless\u00e9s, \u00e0 divers degr\u00e9s de gravit\u00e9, suite \u00e0 l&#8217;effondrement partiel, lundi dans le quartier Akkari \u00e0 Rabat, d&#8217;un immeuble compos\u00e9 d\u2019un rez-de-chauss\u00e9e \u00e0 usage commercial et de deux \u00e9tages habit\u00e9s par une seule famille, selon les autorit\u00e9s locales de la Pr\u00e9fecture de Rabat.<\/p>\n<p>\t\t <br class=\"texte clear\" \/><\/p>\n<p>\t\t <br id=\"sep_para_1\" class=\"sep_para access\" \/><\/p>\n<p>\t\t\t\t <a href=\"https:\/\/www.lopinion.ma\/javascript:void(0)\" rel=\"https:\/\/www.europesays.com\/africa\/wp-content\/uploads\/2026\/01\/93547044-65358809.jpg&amp;ibox nofollow noopener\" title=\"Rabat: Deux morts et quatre bless\u00e9s dans l&#039;effondrement partiel d&#039;un immeuble\" target=\"_blank\"><img decoding=\"async\" class=\"responsive\" style=\"display:none\" src=\"https:\/\/www.europesays.com\/africa\/wp-content\/uploads\/2026\/01\/93547044-65358809.jpg\" alt=\"Rabat: Deux morts et quatre bless\u00e9s dans l'effondrement partiel d'un immeuble\" title=\"Rabat: Deux morts et quatre bless\u00e9s dans l'effondrement partiel d'un immeuble\" \/><br \/>\n<img decoding=\"async\" class=\"not-responsive\" src=\"https:\/\/www.europesays.com\/africa\/wp-content\/uploads\/2026\/01\/1767649328_455_93547044-65358809.jpg\" alt=\"Rabat: Deux morts et quatre bless\u00e9s dans l'effondrement partiel d'un immeuble\" title=\"Rabat: Deux morts et quatre bless\u00e9s dans l'effondrement partiel d'un immeuble\" width=\"688\" \/><\/a><\/p>\n<p>\t\t\t\t\t Aussit\u00f4t inform\u00e9s de l&#8217;incident, les autorit\u00e9s locales et de s\u00e9curit\u00e9, ainsi que les services de la Protection civile, se sont rendus sur place pour entreprendre les op\u00e9rations de recherche et de sauvetage et prendre toutes les mesures n\u00e9cessaires, notamment la s\u00e9curisation du p\u00e9rim\u00e8tre autour du b\u00e2timent partiellement effondr\u00e9 et des immeubles avoisinants. <\/p>\n<p>Les bless\u00e9s ont \u00e9t\u00e9 rapidement transport\u00e9s \u00e0 l&#8217;h\u00f4pital pour y recevoir les examens et les soins n\u00e9cessaires. <\/p>\n<p>De m\u00eame, une enqu\u00eate a \u00e9t\u00e9 ouverte par les autorit\u00e9s comp\u00e9tentes, sous la supervision du Parquet comp\u00e9tent, afin de d\u00e9terminer les circonstances de l&#8217;incident.<\/p>\n<p>\t\t <br class=\"texte clear\" \/><\/p>\n<p>\t\t <\/p>\n","protected":false},"excerpt":{"rendered":"R\u00e9dig\u00e9 par L&#8217;Opinion Avec MAP le Lundi 5 Janvier 2026 Deux personnes ont trouv\u00e9 la mort et quatre&hellip;\n","protected":false},"author":2,"featured_media":5880,"comment_status":"","ping_status":"","sticky":false,"template":"","format":"standard","meta":{"footnotes":""},"categories":[41],"tags":[554,553,555,556,563,565,560,567,561,557,162,566,564,558,559,158,562,248,239,310,568],"class_list":{"0":"post-5879","1":"post","2":"type-post","3":"status-publish","4":"format-standard","5":"has-post-thumbnail","7":"category-maroc","8":"tag-actualites","9":"tag-actualites-et-infos-au-maroc","10":"tag-actualites-et-infos-mondiale","11":"tag-actualites-marocaines-du-jour","12":"tag-alimentation","13":"tag-analyses","14":"tag-art-de-vivre","15":"tag-chronique","16":"tag-consommation-et-bien-etre","17":"tag-culture","18":"tag-economie","19":"tag-edito","20":"tag-etudes","21":"tag-insolite","22":"tag-loisirs","23":"tag-maroc","24":"tag-mode","25":"tag-politique","26":"tag-societe","27":"tag-sport","28":"tag-tribune"},"share_on_mastodon":{"url":"","error":""},"_links":{"self":[{"href":"https:\/\/www.europesays.com\/africa\/wp-json\/wp\/v2\/posts\/5879","targetHints":{"allow":["GET"]}}],"collection":[{"href":"https:\/\/www.europesays.com\/africa\/wp-json\/wp\/v2\/posts"}],"about":[{"href":"https:\/\/www.europesays.com\/africa\/wp-json\/wp\/v2\/types\/post"}],"author":[{"embeddable":true,"href":"https:\/\/www.europesays.com\/africa\/wp-json\/wp\/v2\/users\/2"}],"replies":[{"embeddable":true,"href":"https:\/\/www.europesays.com\/africa\/wp-json\/wp\/v2\/comments?post=5879"}],"version-history":[{"count":0,"href":"https:\/\/www.europesays.com\/africa\/wp-json\/wp\/v2\/posts\/5879\/revisions"}],"wp:featuredmedia":[{"embeddable":true,"href":"https:\/\/www.europesays.com\/africa\/wp-json\/wp\/v2\/media\/5880"}],"wp:attachment":[{"href":"https:\/\/www.europesays.com\/africa\/wp-json\/wp\/v2\/media?parent=5879"}],"wp:term":[{"taxonomy":"category","embeddable":true,"href":"https:\/\/www.europesays.com\/africa\/wp-json\/wp\/v2\/categories?post=5879"},{"taxonomy":"post_tag","embeddable":true,"href":"https:\/\/www.europesays.com\/africa\/wp-json\/wp\/v2\/tags?post=5879"}],"curies":[{"name":"wp","href":"https:\/\/api.w.org\/{rel}","templated":true}]}}