{"id":59016,"date":"2026-02-02T10:46:06","date_gmt":"2026-02-02T10:46:06","guid":{"rendered":"https:\/\/www.europesays.com\/africa\/59016\/"},"modified":"2026-02-02T10:46:06","modified_gmt":"2026-02-02T10:46:06","slug":"algerie-il-est-attendu-de-retour-dalger-segolene-royal-presse-le-ministre-de-linterieur-de-faire-le-voyage","status":"publish","type":"post","link":"https:\/\/www.europesays.com\/africa\/59016\/","title":{"rendered":"Alg\u00e9rie : Il est \u00ab attendu \u00bb\u2026 De retour d\u2019Alger, S\u00e9gol\u00e8ne Royal presse le ministre de l\u2019Int\u00e9rieur de faire le voyage"},"content":{"rendered":"<p class=\"mb-4 text-lg md:leading-8 break-words\">invitation &#8211; En visite \u00e0 Alger en fin de semaine derni\u00e8re, l\u2019ancienne ministre a press\u00e9 Laurent Nu\u00f1ez de se rendre sur place pour \u00e9voquer, entre autres, la reprise des reconduites des Alg\u00e9riens en situation irr\u00e9guli\u00e8re<\/p>\n<p class=\"mb-4 text-lg md:leading-8 break-words\">\u00ab\u00a0Il est attendu\u00a0\u00bb\u00a0: De retour d\u2019Alger o\u00f9 elle a \u00e9t\u00e9 re\u00e7ue par le pr\u00e9sident Abdelmadjid Tebboune, l\u2019ancienne ministre <a href=\"https:\/\/www.20minutes.fr\/politique\/segolene_royal\/?at_medium=RSS%20feed&amp;at_campaign=ynews&amp;utm_source=yahoo&amp;utm_medium=rss&amp;utm_campaign=news_feed&amp;utm_content=in_article_link\" rel=\"nofollow noopener\" target=\"_blank\" data-ylk=\"slk:S\u00e9gol\u00e8ne Royal;elm:context_link;itc:0;sec:content-canvas\" class=\"link \">S\u00e9gol\u00e8ne Royal<\/a> a press\u00e9 lundi le ministre de l\u2019Int\u00e9rieur <a href=\"https:\/\/www.20minutes.fr\/politique\/laurent-nunez\/?at_medium=RSS%20feed&amp;at_campaign=ynews&amp;utm_source=yahoo&amp;utm_medium=rss&amp;utm_campaign=news_feed&amp;utm_content=in_article_link\" rel=\"nofollow noopener\" target=\"_blank\" data-ylk=\"slk:Laurent Nu\u00f1ez;elm:context_link;itc:0;sec:content-canvas\" class=\"link \">Laurent Nu\u00f1ez<\/a> de se rendre en Alg\u00e9rie. \u00ab\u00a0Il faut que le ministre de l\u2019Int\u00e9rieur aille sur place, il est attendu\u00a0\u00bb, a assur\u00e9 la socialiste sur TF1, alors que la coop\u00e9ration s\u00e9curitaire et migratoire est au plus bas sur fonds de tensions profondes entre les deux pays.<\/p>\n<p class=\"mb-4 text-lg md:leading-8 break-words\">Une visite de Laurent Nu\u00f1ez, invit\u00e9 par son homologue, ne s\u2019est pas encore concr\u00e9tis\u00e9e. Celui-ci a affirm\u00e9 vendredi attendre d\u2019Alger \u00ab\u00a0des boug\u00e9s tr\u00e8s forts sur deux sujets\u00a0\u00bb\u00a0: \u00ab\u00a0la reprise des reconduites des Alg\u00e9riens en situation irr\u00e9guli\u00e8re\u00a0\u00bb, ainsi que \u00ab\u00a0la situation de <a href=\"https:\/\/www.20minutes.fr\/societe\/4199016-20260130-christophe-gleizes-segolene-royal-annonce-avoir-obtenu-transfert-journaliste-prison-pres-alger?at_medium=RSS%20feed&amp;at_campaign=ynews&amp;utm_source=yahoo&amp;utm_medium=rss&amp;utm_campaign=news_feed&amp;utm_content=in_article_link\" rel=\"nofollow noopener\" target=\"_blank\" data-ylk=\"slk:Christophe Gleizes;elm:context_link;itc:0;sec:content-canvas\" class=\"link \">Christophe Gleizes<\/a>\u00a0\u00bb. \u00ab\u00a0Il faut y aller, mais c\u2019est \u00e9vident que quand on pose des conditions, c\u2019est qu\u2019on ne veut pas y aller\u00a0\u00bb, a estim\u00e9 S\u00e9gol\u00e8ne Royal, pr\u00e9sidente de l\u2019Association France Alg\u00e9rie (AFA).<\/p>\n<p>\u00ab\u00a0Que monsieur Nu\u00f1ez vienne comme il l\u2019avait dit\u00a0\u00bb<\/p>\n<p class=\"mb-4 text-lg md:leading-8 break-words\">S\u00e9gol\u00e8ne Royal a dit avoir \u00ab\u00a0parl\u00e9 des <a href=\"https:\/\/www.20minutes.fr\/faits_divers\/4177891-20251008-sous-oqtf-menace-expulsion-jeune-boucher-seine-maritime-meurt-tentant-rejoindre-angleterre?at_medium=RSS%20feed&amp;at_campaign=ynews&amp;utm_source=yahoo&amp;utm_medium=rss&amp;utm_campaign=news_feed&amp;utm_content=in_article_link\" rel=\"nofollow noopener\" target=\"_blank\" data-ylk=\"slk:OQTF;elm:context_link;itc:0;sec:content-canvas\" class=\"link \">OQTF<\/a> (Obligation de Quitter le Territoire Fran\u00e7ais)\u00a0\u00bb <a href=\"https:\/\/www.20minutes.fr\/monde\/4198435-20260128-algerie-depuis-alger-segolene-royal-appelle-respect-envers-president-tebboune?at_medium=RSS%20feed&amp;at_campaign=ynews&amp;utm_source=yahoo&amp;utm_medium=rss&amp;utm_campaign=news_feed&amp;utm_content=in_article_link\" rel=\"nofollow noopener\" target=\"_blank\" data-ylk=\"slk:lors de son entretien avec le pr\u00e9sident;elm:context_link;itc:0;sec:content-canvas\" class=\"link \">lors de son entretien avec le pr\u00e9sident<\/a> Tebboune, qui sont un motif de crispation r\u00e9current, Paris accusant r\u00e9guli\u00e8rement Alger de ne pas reprendre ses ressortissants sous le coup d\u2019une obligation de quitter le territoire fran\u00e7ais. \u00ab\u00a0Je lui ai dit\u00a0: &#8221;Pour les OQTF, est-ce qu\u2019on peut faire davantage\u00a0?&#8221;. Il a dit\u00a0: &#8221;Que monsieur Nu\u00f1ez vienne comme il l\u2019avait dit&#8221;\u00a0\u00bb, a-t-elle affirm\u00e9.<\/p>\n<p class=\"mb-4 text-lg md:leading-8 break-words\">Alors que la crise diplomatique entre la Fr(&#8230;)<\/p>\n<p class=\"mb-4 text-lg md:leading-8 break-words\"><a href=\"https:\/\/www.20minutes.fr\/politique\/4199286-20260202-algerie-attendu-retour-alger-segolene-royal-presse-ministre-interieur-faire-voyage?at_medium=RSS%20feed&amp;at_campaign=ynews&amp;utm_source=yahoo&amp;utm_medium=rss&amp;utm_campaign=news_feed&amp;utm_content=read_more_link&quot;\" rel=\"nofollow noopener\" target=\"_blank\" data-ylk=\"slk:Lire la suite sur 20minutes;elm:context_link;itc:0;sec:content-canvas\" class=\"link \">Lire la suite sur 20minutes<\/a><\/p>\n<p>\u00c0 lire aussi :<br \/><a href=\"https:\/\/www.20minutes.fr\/monde\/4198435-20260128-algerie-depuis-alger-segolene-royal-appelle-respect-envers-president-tebboune?at_medium=RSS%20feed&amp;at_campaign=ynews&amp;utm_source=yahoo&amp;utm_medium=rss&amp;utm_campaign=news_feed&amp;utm_content=related_content_link\" rel=\"nofollow noopener\" target=\"_blank\" data-ylk=\"slk:Alg\u00e9rie\u00a0: Depuis Alger, S\u00e9gol\u00e8ne Royal appelle au \u00ab\u00a0respect\u00a0\u00bb envers le pr\u00e9sident Tebboune;elm:context_link;itc:0;sec:content-canvas\" class=\"link \">Alg\u00e9rie\u00a0: Depuis Alger, S\u00e9gol\u00e8ne Royal appelle au \u00ab\u00a0respect\u00a0\u00bb envers le pr\u00e9sident Tebboune<\/a><br \/><a href=\"https:\/\/www.20minutes.fr\/societe\/4199016-20260130-christophe-gleizes-segolene-royal-annonce-avoir-obtenu-transfert-journaliste-prison-pres-alger?at_medium=RSS%20feed&amp;at_campaign=ynews&amp;utm_source=yahoo&amp;utm_medium=rss&amp;utm_campaign=news_feed&amp;utm_content=related_content_link\" rel=\"nofollow noopener\" target=\"_blank\" data-ylk=\"slk:Christophe Gleizes\u00a0: S\u00e9gol\u00e8ne Royal annonce avoir obtenu le transfert du journaliste dans une prison pr\u00e8s d\u2019Alger;elm:context_link;itc:0;sec:content-canvas\" class=\"link \">Christophe Gleizes\u00a0: S\u00e9gol\u00e8ne Royal annonce avoir obtenu le transfert du journaliste dans une prison pr\u00e8s d\u2019Alger<\/a><\/p>\n","protected":false},"excerpt":{"rendered":"invitation &#8211; En visite \u00e0 Alger en fin de semaine derni\u00e8re, l\u2019ancienne ministre a press\u00e9 Laurent Nu\u00f1ez de&hellip;\n","protected":false},"author":2,"featured_media":59017,"comment_status":"","ping_status":"","sticky":false,"template":"","format":"standard","meta":{"footnotes":""},"categories":[254],"tags":[10476,255,32162,14002,19692,12714,27048],"class_list":{"0":"post-59016","1":"post","2":"type-post","3":"status-publish","4":"format-standard","5":"has-post-thumbnail","7":"category-algerie","8":"tag-alger","9":"tag-algerie","10":"tag-laurent-nunez","11":"tag-ministre-de-linterieur","12":"tag-segolene-royal","13":"tag-situation-irreguliere","14":"tag-tebboune"},"share_on_mastodon":{"url":"","error":""},"_links":{"self":[{"href":"https:\/\/www.europesays.com\/africa\/wp-json\/wp\/v2\/posts\/59016","targetHints":{"allow":["GET"]}}],"collection":[{"href":"https:\/\/www.europesays.com\/africa\/wp-json\/wp\/v2\/posts"}],"about":[{"href":"https:\/\/www.europesays.com\/africa\/wp-json\/wp\/v2\/types\/post"}],"author":[{"embeddable":true,"href":"https:\/\/www.europesays.com\/africa\/wp-json\/wp\/v2\/users\/2"}],"replies":[{"embeddable":true,"href":"https:\/\/www.europesays.com\/africa\/wp-json\/wp\/v2\/comments?post=59016"}],"version-history":[{"count":0,"href":"https:\/\/www.europesays.com\/africa\/wp-json\/wp\/v2\/posts\/59016\/revisions"}],"wp:featuredmedia":[{"embeddable":true,"href":"https:\/\/www.europesays.com\/africa\/wp-json\/wp\/v2\/media\/59017"}],"wp:attachment":[{"href":"https:\/\/www.europesays.com\/africa\/wp-json\/wp\/v2\/media?parent=59016"}],"wp:term":[{"taxonomy":"category","embeddable":true,"href":"https:\/\/www.europesays.com\/africa\/wp-json\/wp\/v2\/categories?post=59016"},{"taxonomy":"post_tag","embeddable":true,"href":"https:\/\/www.europesays.com\/africa\/wp-json\/wp\/v2\/tags?post=59016"}],"curies":[{"name":"wp","href":"https:\/\/api.w.org\/{rel}","templated":true}]}}