{"id":591,"date":"2026-01-03T15:24:08","date_gmt":"2026-01-03T15:24:08","guid":{"rendered":"https:\/\/www.europesays.com\/africa\/591\/"},"modified":"2026-01-03T15:24:08","modified_gmt":"2026-01-03T15:24:08","slug":"une-complicite-remarquee-lors-de-la-soiree-de-fin-dannee-photos","status":"publish","type":"post","link":"https:\/\/www.europesays.com\/africa\/591\/","title":{"rendered":"une complicit\u00e9 remarqu\u00e9e lors de la soir\u00e9e de fin d\u2019ann\u00e9e (photos)"},"content":{"rendered":"<p class=\"firstp\">Lors d\u2019une soir\u00e9e marquant la fin d\u2019ann\u00e9e, Eumeu S\u00e8ne est apparu particuli\u00e8rement d\u00e9tendu et souriant. Le lutteur \u00e9tait accompagn\u00e9 de sa premi\u00e8re \u00e9pouse, <a href=\"https:\/\/www.senenews.com\/senenews-people\/omar-pene-celebre-50-ans-de-carriere-eumeu-sene-cree-la-surprise-au-grand-theatre-video_570453.html\" rel=\"nofollow noopener\" target=\"_blank\">Khoudia Ndoye,<\/a> qui n\u2019a pas h\u00e9sit\u00e9 \u00e0 esquisser quelques pas de danse \u00e0 son intention, dans une ambiance empreinte de joie et de convivialit\u00e9.<\/p>\n<p data-start=\"401\" data-end=\"556\" data-is-last-node=\"\" data-is-only-node=\"\">Cette s\u00e9quence, illustrant la belle entente et la complicit\u00e9 du couple, n\u2019est pas pass\u00e9e inaper\u00e7ue et a rapidement attir\u00e9 l\u2019attention des invit\u00e9s pr\u00e9sents.\n<\/p>\n<p data-start=\"401\" data-end=\"556\" data-is-last-node=\"\" data-is-only-node=\"\"><img loading=\"lazy\" decoding=\"async\" class=\"alignnone wp-image-571433 size-full\" src=\"https:\/\/www.europesays.com\/africa\/wp-content\/uploads\/2026\/01\/eumeu-516x675-1.webp.webp\" alt=\"eumeu 516x675 1 - Senenews - Actualit\u00e9 au S\u00e9n\u00e9gal, Politique, \u00c9conomie, Sport\" width=\"516\" height=\"675\" title=\"Eumeu S\u00e8ne et sa premi\u00e8re femme Khoudia Ndoye : une complicit\u00e9 remarqu\u00e9e lors de la soir\u00e9e de fin d\u2019ann\u00e9e (photos) 13\"  \/> <img loading=\"lazy\" decoding=\"async\" class=\"alignnone wp-image-571434 size-full\" src=\"https:\/\/www.europesays.com\/africa\/wp-content\/uploads\/2026\/01\/euumm.jpg\" alt=\"euumm - Senenews - Actualit\u00e9 au S\u00e9n\u00e9gal, Politique, \u00c9conomie, Sport\" width=\"514\" height=\"758\" title=\"Eumeu S\u00e8ne et sa premi\u00e8re femme Khoudia Ndoye : une complicit\u00e9 remarqu\u00e9e lors de la soir\u00e9e de fin d\u2019ann\u00e9e (photos) 14\"  \/> <img loading=\"lazy\" decoding=\"async\" class=\"alignnone wp-image-571435 size-full\" src=\"https:\/\/www.europesays.com\/africa\/wp-content\/uploads\/2026\/01\/eumeu.jpg\" alt=\"eumeu - Senenews - Actualit\u00e9 au S\u00e9n\u00e9gal, Politique, \u00c9conomie, Sport\" width=\"516\" height=\"759\" title=\"Eumeu S\u00e8ne et sa premi\u00e8re femme Khoudia Ndoye : une complicit\u00e9 remarqu\u00e9e lors de la soir\u00e9e de fin d\u2019ann\u00e9e (photos) 15\"  \/> <img loading=\"lazy\" decoding=\"async\" class=\"alignnone wp-image-571436 size-full\" src=\"https:\/\/www.europesays.com\/africa\/wp-content\/uploads\/2026\/01\/eum-3.jpg\" alt=\"eum 3 - Senenews - Actualit\u00e9 au S\u00e9n\u00e9gal, Politique, \u00c9conomie, Sport\" width=\"519\" height=\"760\" title=\"Eumeu S\u00e8ne et sa premi\u00e8re femme Khoudia Ndoye : une complicit\u00e9 remarqu\u00e9e lors de la soir\u00e9e de fin d\u2019ann\u00e9e (photos) 16\"  \/><\/p>\n","protected":false},"excerpt":{"rendered":"Lors d\u2019une soir\u00e9e marquant la fin d\u2019ann\u00e9e, Eumeu S\u00e8ne est apparu particuli\u00e8rement d\u00e9tendu et souriant. Le lutteur \u00e9tait&hellip;\n","protected":false},"author":2,"featured_media":592,"comment_status":"","ping_status":"","sticky":false,"template":"","format":"standard","meta":{"footnotes":""},"categories":[48],"tags":[886,887,159,163,888],"class_list":{"0":"post-591","1":"post","2":"type-post","3":"status-publish","4":"format-standard","5":"has-post-thumbnail","7":"category-senegal","8":"tag-eumeu-sene","9":"tag-khoudia-ndoye","10":"tag-senegal","11":"tag-senegal-actualites","12":"tag-senenews-people"},"share_on_mastodon":{"url":"","error":""},"_links":{"self":[{"href":"https:\/\/www.europesays.com\/africa\/wp-json\/wp\/v2\/posts\/591","targetHints":{"allow":["GET"]}}],"collection":[{"href":"https:\/\/www.europesays.com\/africa\/wp-json\/wp\/v2\/posts"}],"about":[{"href":"https:\/\/www.europesays.com\/africa\/wp-json\/wp\/v2\/types\/post"}],"author":[{"embeddable":true,"href":"https:\/\/www.europesays.com\/africa\/wp-json\/wp\/v2\/users\/2"}],"replies":[{"embeddable":true,"href":"https:\/\/www.europesays.com\/africa\/wp-json\/wp\/v2\/comments?post=591"}],"version-history":[{"count":0,"href":"https:\/\/www.europesays.com\/africa\/wp-json\/wp\/v2\/posts\/591\/revisions"}],"wp:featuredmedia":[{"embeddable":true,"href":"https:\/\/www.europesays.com\/africa\/wp-json\/wp\/v2\/media\/592"}],"wp:attachment":[{"href":"https:\/\/www.europesays.com\/africa\/wp-json\/wp\/v2\/media?parent=591"}],"wp:term":[{"taxonomy":"category","embeddable":true,"href":"https:\/\/www.europesays.com\/africa\/wp-json\/wp\/v2\/categories?post=591"},{"taxonomy":"post_tag","embeddable":true,"href":"https:\/\/www.europesays.com\/africa\/wp-json\/wp\/v2\/tags?post=591"}],"curies":[{"name":"wp","href":"https:\/\/api.w.org\/{rel}","templated":true}]}}