{"id":5917,"date":"2026-01-05T22:06:16","date_gmt":"2026-01-05T22:06:16","guid":{"rendered":"https:\/\/www.europesays.com\/africa\/5917\/"},"modified":"2026-01-05T22:06:16","modified_gmt":"2026-01-05T22:06:16","slug":"can-2025-le-programme-des-matchs-daujourdhui-lundi-5-janvier-avec-legypte-et-le-nigeria","status":"publish","type":"post","link":"https:\/\/www.europesays.com\/africa\/5917\/","title":{"rendered":"CAN 2025\u00a0: le programme des matchs d\u2019aujourd\u2019hui lundi 5\u00a0janvier avec l\u2019\u00c9gypte et le Nigeria"},"content":{"rendered":"<p class=\"paragraph text_align_left lp-f-body-02\">Les huiti\u00e8mes de finale de la <a href=\"https:\/\/www.leparisien.fr\/sports\/football\/coupe-d-afrique-des-nations\/\" target=\"_blank\" rel=\"noreferrer nofollow noopener\">Coupe d\u2019Afrique des nations 2025<\/a> se poursuivent ce lundi 5 janvier. <a href=\"https:\/\/www.leparisien.fr\/sports\/football\/egypte\/\" target=\"_blank\" rel=\"noreferrer nofollow noopener\">L\u2019\u00c9gypte<\/a> et le Nigeria, deux pr\u00e9tendants au sacre, affrontent respectivement le B\u00e9nin et le Mozambique.<\/p>\n<p class=\"\">Les Pharaons de <a href=\"https:\/\/www.leparisien.fr\/sports\/football\/le-club-ma-jete-en-pature-mohamed-salah-allume-liverpool-et-envisage-un-depart-cet-hiver-06-12-2025-WP6XGGWPERAV3CAKJ34Q4XUAZA.php\" target=\"_blank\" rel=\"noreferrer nofollow noopener\">Mohamed Salah<\/a> seront les premiers \u00e0 jouer. Le coup d\u2019envoi de leur huiti\u00e8me face au B\u00e9nin sera donn\u00e9 \u00e0 17 heures. Lors de la phase de poules, les \u00c9gyptiens avaient termin\u00e9 en t\u00eate du groupe B devant l\u2019Afrique du Sud.<\/p>\n<p class=\"\">Les matchs du 5 janvier<\/p>\n<p class=\"\">Huiti\u00e8mes de finale :<\/p>\n<p class=\"\">\u00c9gypte-B\u00e9nin (17 heures, comment\u00e9 en direct sur Le Parisien)<\/p>\n<p class=\"\">Nigeria-Mozambique (20 heures, comment\u00e9 en direct sur Le Parisien)<\/p>\n<p class=\"\">Le B\u00e9nin, lui, s\u2019\u00e9tait class\u00e9 troisi\u00e8me du groupe D derri\u00e8re le <a href=\"https:\/\/www.leparisien.fr\/sports\/football\/senegal\/\" target=\"_blank\" rel=\"noreferrer nofollow noopener\">S\u00e9n\u00e9gal<\/a> et la R\u00e9publique d\u00e9mocratique du Congo.<\/p>\n<p class=\"\">Le Nigeria, qui a r\u00e9alis\u00e9 un sans-faute et fini en t\u00eate du groupe C devant la <a href=\"https:\/\/www.leparisien.fr\/sports\/football\/tunisie\/\" target=\"_blank\" rel=\"noreferrer nofollow noopener\">Tunisie<\/a> (\u00e9limin\u00e9e <a href=\"https:\/\/www.leparisien.fr\/sports\/football\/coupe-d-afrique-des-nations\/can-2025-les-tunisiens-se-sabordent-et-sortent-la-tete-basse-elimines-par-le-mali-aux-tirs-au-but-03-01-2026-IQHXELSE7RES3LFG5CAGFTTLG4.php\" target=\"_blank\" rel=\"noreferrer nofollow noopener\">ce samedi face au Mali<\/a>), affronte le Mozambique \u00e0 20 heures.<\/p>\n<p class=\"\">Ce dernier avait fini troisi\u00e8me du groupe F derri\u00e8re la C\u00f4te d\u2019Ivoire et le Cameroun.<\/p>\n","protected":false},"excerpt":{"rendered":"Les huiti\u00e8mes de finale de la Coupe d\u2019Afrique des nations 2025 se poursuivent ce lundi 5 janvier. L\u2019\u00c9gypte&hellip;\n","protected":false},"author":2,"featured_media":5918,"comment_status":"","ping_status":"","sticky":false,"template":"","format":"standard","meta":{"footnotes":""},"categories":[62],"tags":[64,360,311,264],"class_list":{"0":"post-5917","1":"post","2":"type-post","3":"status-publish","4":"format-standard","5":"has-post-thumbnail","7":"category-afrique","8":"tag-afrique","9":"tag-can","10":"tag-football","11":"tag-sports"},"share_on_mastodon":{"url":"","error":""},"_links":{"self":[{"href":"https:\/\/www.europesays.com\/africa\/wp-json\/wp\/v2\/posts\/5917","targetHints":{"allow":["GET"]}}],"collection":[{"href":"https:\/\/www.europesays.com\/africa\/wp-json\/wp\/v2\/posts"}],"about":[{"href":"https:\/\/www.europesays.com\/africa\/wp-json\/wp\/v2\/types\/post"}],"author":[{"embeddable":true,"href":"https:\/\/www.europesays.com\/africa\/wp-json\/wp\/v2\/users\/2"}],"replies":[{"embeddable":true,"href":"https:\/\/www.europesays.com\/africa\/wp-json\/wp\/v2\/comments?post=5917"}],"version-history":[{"count":0,"href":"https:\/\/www.europesays.com\/africa\/wp-json\/wp\/v2\/posts\/5917\/revisions"}],"wp:featuredmedia":[{"embeddable":true,"href":"https:\/\/www.europesays.com\/africa\/wp-json\/wp\/v2\/media\/5918"}],"wp:attachment":[{"href":"https:\/\/www.europesays.com\/africa\/wp-json\/wp\/v2\/media?parent=5917"}],"wp:term":[{"taxonomy":"category","embeddable":true,"href":"https:\/\/www.europesays.com\/africa\/wp-json\/wp\/v2\/categories?post=5917"},{"taxonomy":"post_tag","embeddable":true,"href":"https:\/\/www.europesays.com\/africa\/wp-json\/wp\/v2\/tags?post=5917"}],"curies":[{"name":"wp","href":"https:\/\/api.w.org\/{rel}","templated":true}]}}