{"id":5940,"date":"2026-01-05T22:22:07","date_gmt":"2026-01-05T22:22:07","guid":{"rendered":"https:\/\/www.europesays.com\/africa\/5940\/"},"modified":"2026-01-05T22:22:07","modified_gmt":"2026-01-05T22:22:07","slug":"hadjam-sexprime-apres-son-forfait","status":"publish","type":"post","link":"https:\/\/www.europesays.com\/africa\/5940\/","title":{"rendered":"Hadjam s\u2019exprime apr\u00e8s son forfait"},"content":{"rendered":"<p style=\"text-align: justify;\">Touch\u00e9 lors du match de la 2\u1d49 journ\u00e9e de la CAN 2025 face au Burkina Faso, Jaouen Hadjam est tout de m\u00eame rest\u00e9 quelques jours aupr\u00e8s de ses compatriotes \u00e0 Rabat, dans l\u2019espoir de se soigner rapidement et de retrouver la comp\u00e9tition. Mais ce plan n\u2019a finalement pas abouti. Malgr\u00e9 ce contretemps, l\u2019international alg\u00e9rien garde la t\u00eate haute et se projette d\u00e9j\u00e0 vers la suite.<\/p>\n","protected":false},"excerpt":{"rendered":"Touch\u00e9 lors du match de la 2\u1d49 journ\u00e9e de la CAN 2025 face au Burkina Faso, Jaouen Hadjam&hellip;\n","protected":false},"author":2,"featured_media":5941,"comment_status":"","ping_status":"","sticky":false,"template":"","format":"standard","meta":{"footnotes":""},"categories":[254],"tags":[255,256,317,4068,4069,1001],"class_list":{"0":"post-5940","1":"post","2":"type-post","3":"status-publish","4":"format-standard","5":"has-post-thumbnail","7":"category-algerie","8":"tag-algerie","9":"tag-algu00e9rie-can","10":"tag-hadjam","11":"tag-hadjam-algu00e9rie","12":"tag-hadjam-can-2025","13":"tag-jaouen-hadjam"},"share_on_mastodon":{"url":"","error":""},"_links":{"self":[{"href":"https:\/\/www.europesays.com\/africa\/wp-json\/wp\/v2\/posts\/5940","targetHints":{"allow":["GET"]}}],"collection":[{"href":"https:\/\/www.europesays.com\/africa\/wp-json\/wp\/v2\/posts"}],"about":[{"href":"https:\/\/www.europesays.com\/africa\/wp-json\/wp\/v2\/types\/post"}],"author":[{"embeddable":true,"href":"https:\/\/www.europesays.com\/africa\/wp-json\/wp\/v2\/users\/2"}],"replies":[{"embeddable":true,"href":"https:\/\/www.europesays.com\/africa\/wp-json\/wp\/v2\/comments?post=5940"}],"version-history":[{"count":0,"href":"https:\/\/www.europesays.com\/africa\/wp-json\/wp\/v2\/posts\/5940\/revisions"}],"wp:featuredmedia":[{"embeddable":true,"href":"https:\/\/www.europesays.com\/africa\/wp-json\/wp\/v2\/media\/5941"}],"wp:attachment":[{"href":"https:\/\/www.europesays.com\/africa\/wp-json\/wp\/v2\/media?parent=5940"}],"wp:term":[{"taxonomy":"category","embeddable":true,"href":"https:\/\/www.europesays.com\/africa\/wp-json\/wp\/v2\/categories?post=5940"},{"taxonomy":"post_tag","embeddable":true,"href":"https:\/\/www.europesays.com\/africa\/wp-json\/wp\/v2\/tags?post=5940"}],"curies":[{"name":"wp","href":"https:\/\/api.w.org\/{rel}","templated":true}]}}