{"id":5957,"date":"2026-01-05T22:36:08","date_gmt":"2026-01-05T22:36:08","guid":{"rendered":"https:\/\/www.europesays.com\/africa\/5957\/"},"modified":"2026-01-05T22:36:08","modified_gmt":"2026-01-05T22:36:08","slug":"can-2025-algerie-bennacer-encense-totalement-maza-et-la-nouvelle-generation","status":"publish","type":"post","link":"https:\/\/www.europesays.com\/africa\/5957\/","title":{"rendered":"CAN 2025 &#8211; Alg\u00e9rie : Bennacer encense totalement Maza et la nouvelle g\u00e9n\u00e9ration"},"content":{"rendered":"<p>Demain apr\u00e8s-midi (17h), l&#8217;Alg\u00e9rie d\u00e9fiera la R\u00e9publique D\u00e9mocratique du Congo. En jeu : une place en quart de finale de la <a href=\"https:\/\/www.onzemondial.com\/selections\/can.html\" rel=\"nofollow noopener\" target=\"_blank\">CAN<\/a>. Un moment forc\u00e9ment attendu par tout un pays mais aussi par les joueurs. Notamment Isma\u00ebl Bennacer, conscient de l&#8217;importance de ce match pour le peuple alg\u00e9rien : &#8220;Demain, \u00e7a va \u00eatre un match tr\u00e8s important. C\u2019est un match \u00e0 \u00e9limination directe contre une tr\u00e8s bonne \u00e9quipe de la RDC&#8221; a-t-il annonc\u00e9 dans des propos rapport\u00e9s par <a href=\"https:\/\/www.dzfoot.com\/equipes-nationales\/can-2025-bannacer-on-va-tout-donner-pour-navoir-aucun-regret-288745.html\" rel=\"nofollow noopener\" target=\"_blank\">DZ Foot<\/a>.<\/p>\n<p>L&#8217;ancien Marseillais a donn\u00e9 la marche \u00e0 suivre : &#8220;Il faut continuer sur cette lanc\u00e9e, avoir la bonne mentalit\u00e9 sur le terrain et montrer de quoi on est capable. On est dans une bonne dynamique. On est press\u00e9s de jouer ce match. C\u2019est important de continuer et d\u2019essayer de tout donner sur le terrain. On se pr\u00e9occupe de nous, de ce qu\u2019on doit faire sur le terrain. On va se concentrer quoi qu\u2019il arrive, pour tout donner et n\u2019avoir aucun regret.&#8221;<\/p>\n<p>\u00c0 lire aussiBennacer sous le charme<\/p>\n<p>Invit\u00e9 ensuite \u00e0 s&#8217;exprimer sur la nouvelle g\u00e9n\u00e9ration, il a \u00e9t\u00e9 dithyrambique : &#8220;On essaie de mieux se comprendre. Il y a de tr\u00e8s bons jeunes, que ce soit ici ou en Europe. Personne ne triche, tout le monde travaille et respecte le groupe. C\u2019est normal qu\u2019il y ait des exemples sur le terrain. Il faut transmettre ce que repr\u00e9sente le fait de jouer pour l\u2019Alg\u00e9rie, comment se comporter, et surtout tout donner.&#8221;<\/p>\n<p>&#8220;La nouvelle g\u00e9n\u00e9ration est tr\u00e8s bonne, respectueuse et travailleuse. On peut aller loin. Nous avons besoin de tout le monde&#8221; a-t-il ainsi d\u00e9clar\u00e9 alors que l&#8217;Alg\u00e9rie jouera son premier match \u00e0 \u00e9limination directe d&#8217;une CAN depuis 2019, ann\u00e9e de son dernier sacre. Un joueur attise notamment toutes les esp\u00e9rances : Ibrahim Maza.<\/p>\n<p>\u00c9tincelant depuis le d\u00e9but de la comp\u00e9tition, il a \u00e9t\u00e9 encens\u00e9 par Bennacer : &#8220;C\u2019est un joueur tr\u00e8s talentueux, tr\u00e8s mature pour son \u00e2ge. Sur le terrain comme en dehors, il se comporte tr\u00e8s bien et il a d\u00e9j\u00e0 beaucoup apport\u00e9 au groupe. Il veut faire gagner l\u2019\u00e9quipe, et \u00e7a se voit dans son attitude&#8221; a-t-il ainsi conclu dans des propos rapport\u00e9s par <a href=\"https:\/\/lagazettedufennec.com\/algerie-can-2025-bennacer-rassure-et-valorise-la-nouvelle-generatio\/\" rel=\"nofollow noopener\" target=\"_blank\">La Gazette du Fennec<\/a>.<\/p>\n<p>\u00a0<\/p>\n<p>\u00a0<\/p>\n<p>   Partagez cette info avec vos amis et vos proches en cliquant ici<br \/> Pour r\u00e9sumer<\/p>\n<p>\u00c0 la veille du huiti\u00e8me de finale face \u00e0 la RDC, Isma\u00ebl Bennacer a soulign\u00e9 l\u2019importance du match pour l\u2019Alg\u00e9rie. Confiant dans la dynamique et la nouvelle g\u00e9n\u00e9ration, il appelle \u00e0 tout donner et salue le talent du jeune Ibrahim Maza.<\/p>\n<p>R\u00e9dacteur<\/p>\n<p><img decoding=\"async\" width=\"76\" height=\"76\" loading=\"lazy\" src=\"https:\/\/www.europesays.com\/africa\/wp-content\/uploads\/2026\/01\/avatar-onze.webp.webp\" alt=\"Nathan Bricout\"\/><\/p>\n","protected":false},"excerpt":{"rendered":"Demain apr\u00e8s-midi (17h), l&#8217;Alg\u00e9rie d\u00e9fiera la R\u00e9publique D\u00e9mocratique du Congo. En jeu : une place en quart de&hellip;\n","protected":false},"author":2,"featured_media":5958,"comment_status":"","ping_status":"","sticky":false,"template":"","format":"standard","meta":{"footnotes":""},"categories":[254],"tags":[255,360],"class_list":{"0":"post-5957","1":"post","2":"type-post","3":"status-publish","4":"format-standard","5":"has-post-thumbnail","7":"category-algerie","8":"tag-algerie","9":"tag-can"},"share_on_mastodon":{"url":"","error":""},"_links":{"self":[{"href":"https:\/\/www.europesays.com\/africa\/wp-json\/wp\/v2\/posts\/5957","targetHints":{"allow":["GET"]}}],"collection":[{"href":"https:\/\/www.europesays.com\/africa\/wp-json\/wp\/v2\/posts"}],"about":[{"href":"https:\/\/www.europesays.com\/africa\/wp-json\/wp\/v2\/types\/post"}],"author":[{"embeddable":true,"href":"https:\/\/www.europesays.com\/africa\/wp-json\/wp\/v2\/users\/2"}],"replies":[{"embeddable":true,"href":"https:\/\/www.europesays.com\/africa\/wp-json\/wp\/v2\/comments?post=5957"}],"version-history":[{"count":0,"href":"https:\/\/www.europesays.com\/africa\/wp-json\/wp\/v2\/posts\/5957\/revisions"}],"wp:featuredmedia":[{"embeddable":true,"href":"https:\/\/www.europesays.com\/africa\/wp-json\/wp\/v2\/media\/5958"}],"wp:attachment":[{"href":"https:\/\/www.europesays.com\/africa\/wp-json\/wp\/v2\/media?parent=5957"}],"wp:term":[{"taxonomy":"category","embeddable":true,"href":"https:\/\/www.europesays.com\/africa\/wp-json\/wp\/v2\/categories?post=5957"},{"taxonomy":"post_tag","embeddable":true,"href":"https:\/\/www.europesays.com\/africa\/wp-json\/wp\/v2\/tags?post=5957"}],"curies":[{"name":"wp","href":"https:\/\/api.w.org\/{rel}","templated":true}]}}