{"id":5979,"date":"2026-01-05T22:52:06","date_gmt":"2026-01-05T22:52:06","guid":{"rendered":"https:\/\/www.europesays.com\/africa\/5979\/"},"modified":"2026-01-05T22:52:06","modified_gmt":"2026-01-05T22:52:06","slug":"un-car-heurte-une-vache-plusieurs-blesses","status":"publish","type":"post","link":"https:\/\/www.europesays.com\/africa\/5979\/","title":{"rendered":"un car heurte une vache, plusieurs bless\u00e9s"},"content":{"rendered":"<p class=\"firstp\">Un <a href=\"https:\/\/www.senenews.com\/actualites\/accident-des-supporters-senegalais-au-maroc-aida-samb-est-decedee-mais-lautre-est-dans-le-coma-et_571551.html\" rel=\"nofollow noopener\" target=\"_blank\">accident<\/a> de la circulation est survenu ce lundi apr\u00e8s-midi aux abords de la commune de Diaroum\u00e9. Un car de transport en commun, en provenance du march\u00e9 hebdomadaire de Diarrh\u00e9e, est entr\u00e9 en collision avec une vache en divagation, provoquant un choc violent. Le bilan provisoire fait \u00e9tat de 22 personnes bless\u00e9es.<\/p>\n<p>Alert\u00e9s, les services de secours sont rapidement intervenus. Les \u00e9l\u00e9ments de la gendarmerie ont proc\u00e9d\u00e9 \u00e0 la s\u00e9curisation des lieux afin de pr\u00e9venir tout suraccident, tandis que les sapeurs-pompiers ont pris en charge les victimes, assurant leur extraction et leur stabilisation.\n<\/p>\n<p>Les bless\u00e9s pr\u00e9sentant des traumatismes l\u00e9gers ont re\u00e7u les premiers soins au poste de sant\u00e9 de Diaroum\u00e9. D\u2019autres ont \u00e9t\u00e9 \u00e9vacu\u00e9s vers le centre de sant\u00e9 de Bounkiling, tandis que les victimes gri\u00e8vement touch\u00e9es ont \u00e9t\u00e9 transf\u00e9r\u00e9es \u00e0 l\u2019h\u00f4pital r\u00e9gional de S\u00e9dhiou pour une prise en charge sp\u00e9cialis\u00e9e.<\/p>\n<p>Cet accident relance le d\u00e9bat sur la divagation des animaux sur les axes routiers, un ph\u00e9nom\u00e8ne r\u00e9current dans la r\u00e9gion. Malgr\u00e9 les nombreuses campagnes de sensibilisation men\u00e9es aupr\u00e8s des \u00e9leveurs, ce fl\u00e9au continue d\u2019\u00eatre \u00e0 l\u2019origine de graves accidents de la circulation.\n                    <\/p>\n","protected":false},"excerpt":{"rendered":"Un accident de la circulation est survenu ce lundi apr\u00e8s-midi aux abords de la commune de Diaroum\u00e9. Un&hellip;\n","protected":false},"author":2,"featured_media":5980,"comment_status":"","ping_status":"","sticky":false,"template":"","format":"standard","meta":{"footnotes":""},"categories":[48],"tags":[1740,4481,4482,159,163,239],"class_list":{"0":"post-5979","1":"post","2":"type-post","3":"status-publish","4":"format-standard","5":"has-post-thumbnail","7":"category-senegal","8":"tag-accident","9":"tag-car","10":"tag-sedhiou","11":"tag-senegal","12":"tag-senegal-actualites","13":"tag-societe"},"share_on_mastodon":{"url":"","error":""},"_links":{"self":[{"href":"https:\/\/www.europesays.com\/africa\/wp-json\/wp\/v2\/posts\/5979","targetHints":{"allow":["GET"]}}],"collection":[{"href":"https:\/\/www.europesays.com\/africa\/wp-json\/wp\/v2\/posts"}],"about":[{"href":"https:\/\/www.europesays.com\/africa\/wp-json\/wp\/v2\/types\/post"}],"author":[{"embeddable":true,"href":"https:\/\/www.europesays.com\/africa\/wp-json\/wp\/v2\/users\/2"}],"replies":[{"embeddable":true,"href":"https:\/\/www.europesays.com\/africa\/wp-json\/wp\/v2\/comments?post=5979"}],"version-history":[{"count":0,"href":"https:\/\/www.europesays.com\/africa\/wp-json\/wp\/v2\/posts\/5979\/revisions"}],"wp:featuredmedia":[{"embeddable":true,"href":"https:\/\/www.europesays.com\/africa\/wp-json\/wp\/v2\/media\/5980"}],"wp:attachment":[{"href":"https:\/\/www.europesays.com\/africa\/wp-json\/wp\/v2\/media?parent=5979"}],"wp:term":[{"taxonomy":"category","embeddable":true,"href":"https:\/\/www.europesays.com\/africa\/wp-json\/wp\/v2\/categories?post=5979"},{"taxonomy":"post_tag","embeddable":true,"href":"https:\/\/www.europesays.com\/africa\/wp-json\/wp\/v2\/tags?post=5979"}],"curies":[{"name":"wp","href":"https:\/\/api.w.org\/{rel}","templated":true}]}}