{"id":5995,"date":"2026-01-05T23:05:06","date_gmt":"2026-01-05T23:05:06","guid":{"rendered":"https:\/\/www.europesays.com\/africa\/5995\/"},"modified":"2026-01-05T23:05:06","modified_gmt":"2026-01-05T23:05:06","slug":"les-algeriens-font-vibrer-rabat","status":"publish","type":"post","link":"https:\/\/www.europesays.com\/africa\/5995\/","title":{"rendered":"Les Alg\u00e9riens font vibrer Rabat !"},"content":{"rendered":"<p style=\"text-align: justify;\" data-start=\"75\" data-end=\"420\">\u00c0 quelques heures de l\u2019affiche tr\u00e8s attendue entre l\u2019Alg\u00e9rie et la RD Congo, comptant pour le huiti\u00e8me de finale de la CAN 2025, Rabat vit d\u00e9j\u00e0 au rythme des Verts. La ferveur des supporters alg\u00e9riens s\u2019est empar\u00e9e de la capitale marocaine, transformant rues, places et abords du stade en un v\u00e9ritable th\u00e9\u00e2tre de passion et de couleurs.<\/p>\n<p style=\"text-align: justify;\" data-start=\"422\" data-end=\"980\">Sur place, nos reporters ont assist\u00e9 \u00e0 un spectacle impressionnant. Drapeaux brandis, chants repris en ch\u0153ur et sourires sur tous les visages : le public alg\u00e9rien affiche une confiance assum\u00e9e. Un seul mot d\u2019ordre revient sans cesse dans les discussions et les slogans scand\u00e9s : battre la RD Congo ce mardi et poursuivre la route vers le sacre continental. Les c\u00e9l\u00e8bres chants \u00ab Les Alg\u00e9riens ! Les Alg\u00e9riens ! \u00bb ou encore \u00ab Ramener la kahloucha (surnom attribu\u00e9 \u00e0 la coupe d\u2019Afrique) \u00bb ont r\u00e9sonn\u00e9 jusque tard dans la nuit, donnant \u00e0 Rabat une ambiance digne des plus grands rendez-vous africains.<\/p>\n<p style=\"text-align: justify;\" data-start=\"982\" data-end=\"1371\" data-is-last-node=\"\" data-is-only-node=\"\">Le stade Moulay Hassan, qui a parfaitement souri aux Fennecs lors de la phase de poules avec un parcours sans faute, s\u2019appr\u00eate \u00e0 accueillir une nouvelle soir\u00e9e de gala. Ce 6 janvier 2026, l\u2019enceinte promet d\u2019\u00eatre le th\u00e9\u00e2tre d\u2019un match intense, port\u00e9 par un public acquis \u00e0 la cause alg\u00e9rienne. Tout est r\u00e9uni pour une nuit chaude bouillante, o\u00f9 passion, espoir et ambition ne feront qu\u2019un.<\/p>\n<p>LIRE EGALEMENT : <a href=\"https:\/\/lagazettedufennec.com\/algerie-can-2025-la-veille-du-choc-face-a-la-rd-congo-petkovic-recoit-une-bonne-nouvelle\/\" rel=\"nofollow noopener\" target=\"_blank\">Alg\u00e9rie \/ CAN 2025 : \u00c0 la veille du choc face \u00e0 la RD Congo, Petkovic re\u00e7oit une bonne nouvelle<\/a><\/p>\n","protected":false},"excerpt":{"rendered":"\u00c0 quelques heures de l\u2019affiche tr\u00e8s attendue entre l\u2019Alg\u00e9rie et la RD Congo, comptant pour le huiti\u00e8me de&hellip;\n","protected":false},"author":2,"featured_media":5996,"comment_status":"","ping_status":"","sticky":false,"template":"","format":"standard","meta":{"footnotes":""},"categories":[254],"tags":[255,256,314,285,505,4288],"class_list":{"0":"post-5995","1":"post","2":"type-post","3":"status-publish","4":"format-standard","5":"has-post-thumbnail","7":"category-algerie","8":"tag-algerie","9":"tag-algu00e9rie-can","10":"tag-algu00e9rie-can-2025","11":"tag-algu00e9rie-coupe-dafrique","12":"tag-algu00e9rie-rd-congo","13":"tag-algu00e9rie-rd-congo-can-2025"},"share_on_mastodon":{"url":"","error":""},"_links":{"self":[{"href":"https:\/\/www.europesays.com\/africa\/wp-json\/wp\/v2\/posts\/5995","targetHints":{"allow":["GET"]}}],"collection":[{"href":"https:\/\/www.europesays.com\/africa\/wp-json\/wp\/v2\/posts"}],"about":[{"href":"https:\/\/www.europesays.com\/africa\/wp-json\/wp\/v2\/types\/post"}],"author":[{"embeddable":true,"href":"https:\/\/www.europesays.com\/africa\/wp-json\/wp\/v2\/users\/2"}],"replies":[{"embeddable":true,"href":"https:\/\/www.europesays.com\/africa\/wp-json\/wp\/v2\/comments?post=5995"}],"version-history":[{"count":0,"href":"https:\/\/www.europesays.com\/africa\/wp-json\/wp\/v2\/posts\/5995\/revisions"}],"wp:featuredmedia":[{"embeddable":true,"href":"https:\/\/www.europesays.com\/africa\/wp-json\/wp\/v2\/media\/5996"}],"wp:attachment":[{"href":"https:\/\/www.europesays.com\/africa\/wp-json\/wp\/v2\/media?parent=5995"}],"wp:term":[{"taxonomy":"category","embeddable":true,"href":"https:\/\/www.europesays.com\/africa\/wp-json\/wp\/v2\/categories?post=5995"},{"taxonomy":"post_tag","embeddable":true,"href":"https:\/\/www.europesays.com\/africa\/wp-json\/wp\/v2\/tags?post=5995"}],"curies":[{"name":"wp","href":"https:\/\/api.w.org\/{rel}","templated":true}]}}