{"id":5997,"date":"2026-01-05T23:06:47","date_gmt":"2026-01-05T23:06:47","guid":{"rendered":"https:\/\/www.europesays.com\/africa\/5997\/"},"modified":"2026-01-05T23:06:47","modified_gmt":"2026-01-05T23:06:47","slug":"des-villages-toujours-dans-le-noir-malgre-un-financement-de-37-milliards-annonces-regrette-tas","status":"publish","type":"post","link":"https:\/\/www.europesays.com\/africa\/5997\/","title":{"rendered":"\u00ab Des villages toujours dans le noir malgr\u00e9 un financement de 37 milliards annonc\u00e9s \u00bb, regrette TAS"},"content":{"rendered":"<p style=\"text-align: justify;\">Le d\u00e9put\u00e9 Thierno Alassane Sall a exprim\u00e9 son indignation face \u00e0 un scandale financier de 37 milliards de FCFA impliquant l\u2019Agence S\u00e9n\u00e9galaise d\u2019\u00c9lectrification Rurale (ASER) et la soci\u00e9t\u00e9 espagnole AEE Power EPC. Accompagn\u00e9 du d\u00e9put\u00e9 Adama Diallo et du chroniqueur Abdou Nguer, il a effectu\u00e9 une tourn\u00e9e dans la r\u00e9gion de Kaffrine, plus particuli\u00e8rement dans les villages de Yalale Diack\u00e9, Sombe Diack\u00e9, Beussal Wolof, entre autres, pour constater l\u2019\u00e9tat d\u2019avancement des projets d\u2019\u00e9lectrification rurale. <\/p>\n<p style=\"text-align: justify;\">\u00a0 <\/p>\n<p style=\"text-align: justify;\">Selon Thierno Alassane Sall, les populations qui sont dans le d\u00e9partement de Birkilane dans la r\u00e9gion de Kaffrine n\u2019ont pas b\u00e9n\u00e9fici\u00e9 du financement de l\u2019\u00e9lectrification rurale, malgr\u00e9 les 37 milliards de FCFA d\u00e9caiss\u00e9s par la banque Santander. \u00ab\u00a0Il s\u2019agit de l\u2019argent public, et il est inadmissible que les populations soient priv\u00e9es de ce droit fondamental qu\u2019est l\u2019acc\u00e8s \u00e0 l\u2019\u00e9lectricit\u00e9\u00a0\u00bb, a-t-il d\u00e9nonc\u00e9. <\/p>\n<p style=\"text-align: justify;\">\u00a0 <\/p>\n<p style=\"text-align: justify;\">Le d\u00e9put\u00e9 a soulign\u00e9 que ses coll\u00e8gues de la majorit\u00e9 \u00e0 l\u2019Assembl\u00e9e nationale n\u2019ont pas r\u00e9pondu \u00e0 son invitation pour participer \u00e0 cette tourn\u00e9e. Ce qui prouve qu\u2019ils ne sont \u00ab\u00a0pas int\u00e9ress\u00e9s par la transparence dans la gestion des fonds publics.\u00a0\u00bb Il a \u00e9galement d\u00e9nonc\u00e9 le fait que les autorit\u00e9s actuelles tentent d\u2019\u00e9touffer l\u2019affaire et de faire croire aux S\u00e9n\u00e9galais que tout va bien. <\/p>\n<p style=\"text-align: justify;\">\u00a0 <\/p>\n<p style=\"text-align: justify;\">Thierno Alassane Sall a interpell\u00e9 le Directeur G\u00e9n\u00e9ral de l\u2019ASER, Jean Michel S\u00e8ne, sur la gestion des fonds allou\u00e9s \u00e0 l\u2019\u00e9lectrification rurale. Il a demand\u00e9 aux autorit\u00e9s de prendre des mesures pour \u00e9claircir cette affaire et de punir les responsables de ce scandale financier . <\/p>\n<p style=\"text-align: justify;\">\u00a0 <\/p>\n<p style=\"text-align: justify;\">Il est \u00e0 rappeler que les villages concern\u00e9s par ce scandale sont situ\u00e9s dans les r\u00e9gions de Kaffrine, K\u00e9dougou, Louga, Saint-Louis et Tambacounda. Le projet d\u2019\u00e9lectrification rurale visait \u00e0 \u00e9lectrifier 1 740 villages, mais les populations n\u2019ont pas b\u00e9n\u00e9fici\u00e9 de ce financement. TAS a annonc\u00e9 qu\u2019il va continuer \u00e0 d\u00e9noncer ce scandale et \u00e0 demander des comptes aux autorit\u00e9s comp\u00e9tentes. \u00ab\u00a0C\u2019est un scandale des scandales\u00a0\u00bb, a-t-il conclu. <\/p>\n","protected":false},"excerpt":{"rendered":"Le d\u00e9put\u00e9 Thierno Alassane Sall a exprim\u00e9 son indignation face \u00e0 un scandale financier de 37 milliards de&hellip;\n","protected":false},"author":2,"featured_media":5998,"comment_status":"","ping_status":"","sticky":false,"template":"","format":"standard","meta":{"footnotes":""},"categories":[48],"tags":[64,274,279,273,277,278,271,281,283,272,280,276,275,159,282],"class_list":{"0":"post-5997","1":"post","2":"type-post","3":"status-publish","4":"format-standard","5":"has-post-thumbnail","7":"category-senegal","8":"tag-afrique","9":"tag-aliou-cisse","10":"tag-amadou-ba","11":"tag-apr","12":"tag-bassirou-diomaye-faye","13":"tag-bathelemy-dias","14":"tag-dakar","15":"tag-el-malick-ndiaye","16":"tag-guy-marius-sagna","17":"tag-macky-sall","18":"tag-madiambal-diagne","19":"tag-ousmane-sonko","20":"tag-pastef","21":"tag-senegal","22":"tag-ziguinchor"},"share_on_mastodon":{"url":"","error":""},"_links":{"self":[{"href":"https:\/\/www.europesays.com\/africa\/wp-json\/wp\/v2\/posts\/5997","targetHints":{"allow":["GET"]}}],"collection":[{"href":"https:\/\/www.europesays.com\/africa\/wp-json\/wp\/v2\/posts"}],"about":[{"href":"https:\/\/www.europesays.com\/africa\/wp-json\/wp\/v2\/types\/post"}],"author":[{"embeddable":true,"href":"https:\/\/www.europesays.com\/africa\/wp-json\/wp\/v2\/users\/2"}],"replies":[{"embeddable":true,"href":"https:\/\/www.europesays.com\/africa\/wp-json\/wp\/v2\/comments?post=5997"}],"version-history":[{"count":0,"href":"https:\/\/www.europesays.com\/africa\/wp-json\/wp\/v2\/posts\/5997\/revisions"}],"wp:featuredmedia":[{"embeddable":true,"href":"https:\/\/www.europesays.com\/africa\/wp-json\/wp\/v2\/media\/5998"}],"wp:attachment":[{"href":"https:\/\/www.europesays.com\/africa\/wp-json\/wp\/v2\/media?parent=5997"}],"wp:term":[{"taxonomy":"category","embeddable":true,"href":"https:\/\/www.europesays.com\/africa\/wp-json\/wp\/v2\/categories?post=5997"},{"taxonomy":"post_tag","embeddable":true,"href":"https:\/\/www.europesays.com\/africa\/wp-json\/wp\/v2\/tags?post=5997"}],"curies":[{"name":"wp","href":"https:\/\/api.w.org\/{rel}","templated":true}]}}