{"id":6017,"date":"2026-01-05T23:21:14","date_gmt":"2026-01-05T23:21:14","guid":{"rendered":"https:\/\/www.europesays.com\/africa\/6017\/"},"modified":"2026-01-05T23:21:14","modified_gmt":"2026-01-05T23:21:14","slug":"can-2025-walid-regragui-assume-les-critiques-sur-son-jeu-et-compare-son-maroc-a-la-france-de-1998","status":"publish","type":"post","link":"https:\/\/www.europesays.com\/africa\/6017\/","title":{"rendered":"CAN 2025\u00a0: Walid Regragui assume les critiques sur son jeu et compare son Maroc \u00e0 la France de 1998"},"content":{"rendered":"<p class=\"paragraph text_align_left lp-f-body-02\">Pas le m\u00eame tournoi, mais la m\u00eame finalit\u00e9 ? Lundi soir malgr\u00e9 la qualification du Maroc pour les quarts de finale de la <a href=\"https:\/\/www.leparisien.fr\/sports\/football\/coupe-d-afrique-des-nations\/\" target=\"_self\" rel=\"nofollow noopener\">CAN 2025<\/a>, Walid Regragui a de nouveau \u00e9t\u00e9 interpell\u00e9 sur la qualit\u00e9 du jeu d\u00e9ploy\u00e9 par les Lions de l\u2019Atlas depuis le d\u00e9but du tournoi. Au sortir de cette <a href=\"https:\/\/www.leparisien.fr\/sports\/football\/coupe-d-afrique-des-nations\/maroc-tanzanie-1-0-linarretable-brahim-diaz-sauve-les-lions-de-latlas-et-les-envoie-en-quarts-de-la-can-2025-04-01-2026-TNWWLFLCWNFVZOTSZ6LJZ5ZPXE.php\" target=\"_self\" rel=\"nofollow noopener\">victoire \u00e9triqu\u00e9e contre la Tanzanie (1-0)<\/a> en huiti\u00e8mes, l\u2019entra\u00eeneur marocain s\u2019est servi du parcours de l\u2019\u00e9quipe de France \u00e0 la Coupe du monde 1998 pour se d\u00e9fendre face aux critiques.<\/p>\n<p class=\"\">\u00ab <a href=\"https:\/\/www.leparisien.fr\/sports\/football\/coupe-d-afrique-des-nations\/can-2025-humilite-maitre-mot-pour-walid-regragui-et-le-maroc-avant-le-18e-face-a-la-tanzanie-04-01-2026-2TQNNBVOH5AN3PBKA3X3JBR6EI.php\" target=\"_self\" rel=\"nofollow noopener\">Je vous avais dit qu\u2019on allait souffrir<\/a> jusqu\u2019\u00e0 la derni\u00e8re minute et on a souffert jusqu\u2019\u00e0 la derni\u00e8re minute \u00bb, a d\u00e9marr\u00e9 Regragui en conf\u00e9rence de presse. Mais pour lui, ces difficult\u00e9s constat\u00e9es depuis le d\u00e9but de la Coupe d\u2019Afrique des nations n\u2019emp\u00eachent pas une s\u00e9lection d\u2019aller au bout. Comme les Bleus d\u2019Aim\u00e9 Jacquet \u00e0 domicile \u00e0 la fin du si\u00e8cle dernier.<\/p>\n<p>\u00ab J\u2019ai grandi en France \u00bb<\/p>\n<p class=\"\">\u00ab Je me rappelle toujours parce que j\u2019ai grandi en France. 1998, quand <a href=\"https:\/\/www.leparisien.fr\/sports\/football\/13-juillet-1998-avec-les-champions-du-monde-daime-jacquet-la-france-devient-black-blancs-beur-09-07-2024-IOLDPTAXBFAGBFET5Q6QZBWPP4.php\" target=\"_self\" rel=\"nofollow noopener\">ils ont gagn\u00e9 la Coupe du monde en France<\/a>, en huiti\u00e8mes de finale, ils gagnent avec un but en or contre le Paraguay, en quarts de finale ils se qualifient aux p\u00e9naltys et en demi-finales, ils sont men\u00e9s 1-0 contre la Croatie et c\u2019est leur arri\u00e8re droit qui n\u2019a jamais mis un but de sa vie qui a mis deux buts \u00bb, a rappel\u00e9 le s\u00e9lectionneur marocain, sans citer Lilian Thuram.<\/p>\n<p class=\"\">Il s\u2019est gard\u00e9 d\u2019\u00e9voquer la d\u00e9monstration finale de la bande de Zin\u00e9dine Zidane contre le Br\u00e9si (3-0). Il a pr\u00e9f\u00e9r\u00e9 s\u2019appuyer sur le d\u00e9roulement plus chaotique des tours qui ont guid\u00e9 les Fran\u00e7ais vers cette ultime \u00e9tape. \u00ab Ce sont des sc\u00e9narios qu\u2019il faut qu\u2019on apprenne quand on veut grandir en tant qu\u2019\u00e9quipe qui veut gagner les CAN. Et il y a une \u00e9quipe qui est encore en lice qui sait parfaitement gagner les CAN comme \u00e7a \u00bb, a-t-il expos\u00e9 en r\u00e9f\u00e9rence au jeu \u00e9gyptien.<\/p>\n","protected":false},"excerpt":{"rendered":"Pas le m\u00eame tournoi, mais la m\u00eame finalit\u00e9 ? Lundi soir malgr\u00e9 la qualification du Maroc pour les&hellip;\n","protected":false},"author":2,"featured_media":6018,"comment_status":"","ping_status":"","sticky":false,"template":"","format":"standard","meta":{"footnotes":""},"categories":[41],"tags":[360,311,158,264],"class_list":{"0":"post-6017","1":"post","2":"type-post","3":"status-publish","4":"format-standard","5":"has-post-thumbnail","7":"category-maroc","8":"tag-can","9":"tag-football","10":"tag-maroc","11":"tag-sports"},"share_on_mastodon":{"url":"","error":""},"_links":{"self":[{"href":"https:\/\/www.europesays.com\/africa\/wp-json\/wp\/v2\/posts\/6017","targetHints":{"allow":["GET"]}}],"collection":[{"href":"https:\/\/www.europesays.com\/africa\/wp-json\/wp\/v2\/posts"}],"about":[{"href":"https:\/\/www.europesays.com\/africa\/wp-json\/wp\/v2\/types\/post"}],"author":[{"embeddable":true,"href":"https:\/\/www.europesays.com\/africa\/wp-json\/wp\/v2\/users\/2"}],"replies":[{"embeddable":true,"href":"https:\/\/www.europesays.com\/africa\/wp-json\/wp\/v2\/comments?post=6017"}],"version-history":[{"count":0,"href":"https:\/\/www.europesays.com\/africa\/wp-json\/wp\/v2\/posts\/6017\/revisions"}],"wp:featuredmedia":[{"embeddable":true,"href":"https:\/\/www.europesays.com\/africa\/wp-json\/wp\/v2\/media\/6018"}],"wp:attachment":[{"href":"https:\/\/www.europesays.com\/africa\/wp-json\/wp\/v2\/media?parent=6017"}],"wp:term":[{"taxonomy":"category","embeddable":true,"href":"https:\/\/www.europesays.com\/africa\/wp-json\/wp\/v2\/categories?post=6017"},{"taxonomy":"post_tag","embeddable":true,"href":"https:\/\/www.europesays.com\/africa\/wp-json\/wp\/v2\/tags?post=6017"}],"curies":[{"name":"wp","href":"https:\/\/api.w.org\/{rel}","templated":true}]}}