{"id":6029,"date":"2026-01-05T23:31:07","date_gmt":"2026-01-05T23:31:07","guid":{"rendered":"https:\/\/www.europesays.com\/africa\/6029\/"},"modified":"2026-01-05T23:31:07","modified_gmt":"2026-01-05T23:31:07","slug":"en-afrique-du-sud-un-syndicat-de-travailleurs-voit-le-jour-pour-defendre-les-personnels-de-maison-afrique-economie","status":"publish","type":"post","link":"https:\/\/www.europesays.com\/africa\/6029\/","title":{"rendered":"En Afrique du sud, un syndicat de travailleurs voit le jour pour d\u00e9fendre les personnels de maison &#8211; Afrique \u00e9conomie"},"content":{"rendered":"<p>\n                                                En Afrique du Sud, les personnels de maison \u2013 femmes de m\u00e9nage, nounous, jardiniers, etc. \u2013 dont le nombre est \u00e9valu\u00e9 \u00e0 un peu moins d&#8217;un million de personnes \u00e0 travers le pays ont enfin un syndicat reconnu par l&#8217;\u00c9tat. L&#8217;organisation syndicale Sadsawu qui \u0153uvre depuis les ann\u00e9es 2000 pour d\u00e9fendre les droits de ces travailleurs pr\u00e9caires et essentiels vient de recevoir le feu vert des autorit\u00e9s pour s&#8217;enregistrer au m\u00eame titre que n&#8217;importe quelle autre centrale syndicale. Une \u00e9volution qui change\u00a0beaucoup de choses pour ses membres&#8230;                    <\/p>\n<p>De notre correspondant \u00e0 Johannesbourg,<\/p>\n<p>Il est un peu plus de 16 heures \u00e0 Johannesburg, heure \u00e0 laquelle les taxis se remplissent des personnels de maison qui rentrent chez eux. La plupart de ces travailleurs pr\u00e9caires sont des femmes de m\u00e9nage ou des nounous, employ\u00e9es par des particuliers.\u00a0\u00ab\u00a0Je rentre tout juste de chez Martin. Demain je vais chez Cristina, et vendredi chez Samantha. C\u2019est le seul moyen d\u2019avoir un meilleur salaire, car nous avons besoin d&#8217;argent\u00a0\u00bb, d\u00e9taille Maria Thupa sur le parking d\u2019un restaurant. \u00c0 59 ans, celle-ci dirige la branche locale du syndicat South African Domestic Service and Allied Workers Union (Sadsawu) \u00e0 Johannesburg. \u00ab\u00a0Je dis souvent que la Sadsawu, c\u2019est ma s\u00e9curit\u00e9. Je sais qu\u2019en cas de besoin, des gens sont pr\u00eats \u00e0 se battre \u00e0 mes c\u00f4t\u00e9s. Je sais aussi que personne ne peut me maltraiter sur mon lieu de travail car maintenant je connais mes droits\u00a0\u00bb, se r\u00e9jouit-elle.<\/p>\n<p>N\u00e9e dans les ann\u00e9es 2000, cette organisation d&#8217;<a target=\"_self\" href=\"https:\/\/www.rfi.fr\/fr\/tag\/afrique-du-sud\/\" rel=\"nofollow noopener\">Afrique du Sud<\/a> a remport\u00e9 de larges victoires syndicales &#8211; un salaire minimum et une assurance ch\u00f4mage par exemple &#8211; mais attendait toujours cette reconnaissance officielle de l&#8217;\u00c9tat. C\u2019est aujourd\u2019hui chose faite, se r\u00e9jouit Maria.\u00a0\u00ab\u00a0Maintenant, la porte s&#8217;ouvre pour nous. Vous savez, certains pensent que nous sommes des esclaves&#8230; Pardon de le dire, mais ce n&#8217;est pas le cas ! Nous r\u00e9clamons plus d&#8217;argent. L\u2019ann\u00e9e prochaine, on fera donc de notre mieux pour mobiliser les gens, pour ouvrir des antennes partout dans le pays et nous faire conna\u00eetre de tous. Cet enregistrement officiel, c\u2019est donc un nouveau d\u00e9part. Nous sommes d\u00e9sormais reconnus et personne ne peut nous arr\u00eater\u00a0\u00bb, souligne la syndicaliste.<\/p>\n<p> Le Congr\u00e8s des syndicats sud-africains, un soutien de poids <\/p>\n<p>Parmi les principales revendications de la Sadsawu figure une augmentation des salaires car pour l\u2019instant, les travailleurs de maison gagnent environ 4\u00a0300 rands par mois &#8211; l&#8217;\u00e9quivalent d&#8217;\u00e0 peine plus de 200 euros. \u00ab\u00a0En 2026, l\u2019une de nos missions consistera \u00e0 demander une r\u00e9vision des lois du travail et des travailleurs dans notre pays. Car nous avons d\u00e9couvert que ces lois ne sont pas bien adapt\u00e9es \u00e0 notre secteur\u00a0\u00bb, explique Gloria Kente, la secr\u00e9taire g\u00e9n\u00e9rale de la Sadsawu.<\/p>\n<p>En plus d\u2019\u00eatre officiellement reconnue, l&#8217;organisation est d\u00e9sormais affili\u00e9e au puissant Congr\u00e8s des syndicats sud-africains (Cosatu). \u00ab\u00a0Si la Sadsawu veut faire gr\u00e8ve, on la soutiendra. S\u2019il faut aller devant un tribunal, on sera aussi l\u00e0 pour amplifier sa voix. Et en tant que Cosatu, nous avons aussi un si\u00e8ge autour de la table au moment des n\u00e9gociations entre syndicats, entreprises et gouvernement quand notre l\u00e9gislation est \u00e9labor\u00e9e\u00a0\u00bb, explique Zanele Sabela, la porte-parole du Cosatu. Reste que les employ\u00e9s de ce secteur d&#8217;activit\u00e9 comptent parmi les plus complexes \u00e0 mobiliser, dans la mesure o\u00f9 chacun d&#8217;entre eux travaille seul, pour des particuliers. Un isolement qui peut freiner les actions collectives et syndicales. Pour l\u2019instant, la Sadsawu ne compte que 3\u00a0500 membres.<\/p>\n<p class=\"a-read-more\">\u00c0 lire aussi<a target=\"_self\" href=\"https:\/\/www.rfi.fr\/fr\/afrique\/20260104-afrique-du-sud-en-plein-\u00e9t\u00e9-austral-la-ville-du-cap-cultive-la-tradition-du-cin\u00e9ma-en-plein-air\" class=\"a-read-more__link\" rel=\"nofollow noopener\">Afrique du Sud: en plein \u00e9t\u00e9 austral, la ville du Cap cultive la tradition du cin\u00e9ma en plein air<\/a><\/p>\n","protected":false},"excerpt":{"rendered":"En Afrique du Sud, les personnels de maison \u2013 femmes de m\u00e9nage, nounous, jardiniers, etc. \u2013 dont le&hellip;\n","protected":false},"author":2,"featured_media":6030,"comment_status":"","ping_status":"","sticky":false,"template":"","format":"standard","meta":{"footnotes":""},"categories":[62],"tags":[64,356,4491,162,241,2011,1281],"class_list":{"0":"post-6029","1":"post","2":"type-post","3":"status-publish","4":"format-standard","5":"has-post-thumbnail","7":"category-afrique","8":"tag-afrique","9":"tag-afrique-du-sud","10":"tag-afrique-economie","11":"tag-economie","12":"tag-economie-afrique","13":"tag-emploi-et-travail","14":"tag-syndicats"},"share_on_mastodon":{"url":"","error":""},"_links":{"self":[{"href":"https:\/\/www.europesays.com\/africa\/wp-json\/wp\/v2\/posts\/6029","targetHints":{"allow":["GET"]}}],"collection":[{"href":"https:\/\/www.europesays.com\/africa\/wp-json\/wp\/v2\/posts"}],"about":[{"href":"https:\/\/www.europesays.com\/africa\/wp-json\/wp\/v2\/types\/post"}],"author":[{"embeddable":true,"href":"https:\/\/www.europesays.com\/africa\/wp-json\/wp\/v2\/users\/2"}],"replies":[{"embeddable":true,"href":"https:\/\/www.europesays.com\/africa\/wp-json\/wp\/v2\/comments?post=6029"}],"version-history":[{"count":0,"href":"https:\/\/www.europesays.com\/africa\/wp-json\/wp\/v2\/posts\/6029\/revisions"}],"wp:featuredmedia":[{"embeddable":true,"href":"https:\/\/www.europesays.com\/africa\/wp-json\/wp\/v2\/media\/6030"}],"wp:attachment":[{"href":"https:\/\/www.europesays.com\/africa\/wp-json\/wp\/v2\/media?parent=6029"}],"wp:term":[{"taxonomy":"category","embeddable":true,"href":"https:\/\/www.europesays.com\/africa\/wp-json\/wp\/v2\/categories?post=6029"},{"taxonomy":"post_tag","embeddable":true,"href":"https:\/\/www.europesays.com\/africa\/wp-json\/wp\/v2\/tags?post=6029"}],"curies":[{"name":"wp","href":"https:\/\/api.w.org\/{rel}","templated":true}]}}