{"id":6033,"date":"2026-01-05T23:33:09","date_gmt":"2026-01-05T23:33:09","guid":{"rendered":"https:\/\/www.europesays.com\/africa\/6033\/"},"modified":"2026-01-05T23:33:09","modified_gmt":"2026-01-05T23:33:09","slug":"can-2025-i-algerie-rd-congo-riyad-mahrez-un-patron-qui-sassume","status":"publish","type":"post","link":"https:\/\/www.europesays.com\/africa\/6033\/","title":{"rendered":"CAN 2025 I Alg\u00e9rie &#8211; RD Congo : Riyad Mahrez, un patron qui s\u2019assume"},"content":{"rendered":"<p class=\"typo-tk-rs-caption-xs\">Riyad Mahrez, un leader pour l&#8217;Alg\u00e9rie<\/p>\n<p class=\"typo-tk-rs-caption-xs\">Cr\u00e9dit: Getty Images<\/p>\n<p>Trois buts en deux matches, et pas n\u2019importe quand. Un doubl\u00e9 pour commencer face au Soudan (3-0), le 24 d\u00e9cembre dernier \u00e0 Rabat, comme il l\u2019avait fait lors de sa premi\u00e8re phase finale de Coupe d\u2019Afrique des Nations le 15 janvier 2017 \u00e0 Franceville contre le Zimbabwe (2-2), et un autre, sur penalty, quatre jours plus tard, lors du tr\u00e8s attendu Alg\u00e9rie-Burkina Faso (1-0), synonyme de victoire et surtout <a class=\"typo-tk-rs-body-md focus-visible:text-focused-text-fill-01 focus-visible:bg-focused-surface-fill-01 hover:underline focus-visible:outline-none text-content-block-default-text-fill-04 hover:text-content-block-default-text-fill-01 active:text-content-block-default-text-fill-03\" target=\"_self\" href=\"https:\/\/www.eurosport.fr\/football\/coupe-d-afrique-des-nations\/2025\/can-2025-2e-journee-un-penalty-de-riyad-mahrez-qualifie-lalgerie-de-retour-en-huitiemes-de-finale_sto23254209\/story.shtml\" data-testid=\"body-hyper-link\" rel=\"nofollow noopener\">de qualification pour les 8es de finale<\/a>, avant m\u00eame la troisi\u00e8me journ\u00e9e, boucl\u00e9e par un nouveau succ\u00e8s face \u00e0 la Guin\u00e9e Equatoriale (3-1). Riyad Mahrez, laiss\u00e9 au repos mercredi et qui \u00e9tait tr\u00e8s attendu par les supporters alg\u00e9riens avant la CAN, n\u2019a pas d\u00e9\u00e7u son auditoire.<\/p>\n<p>Avant le d\u00e9but de la CAN au Maroc, l\u2019ailier d\u2019Al-Ahli (Arabie Saoudite) avait d\u00e9j\u00e0 rendu des copies \u00e0 la fois satisfaisantes et rassurantes, d\u2019abord contre la Somalie (3-0, le 9 octobre) en qualifications pour la Coupe du Monde 2026 avec un but et deux passes d\u00e9cisives, puis cinq semaines plus tard lors d\u2019une victoire en Arabie saoudite en amical (2-0), avec un penalty inscrit en seconde p\u00e9riode. &#8220;La question \u00e9tait de savoir comment il allait se comporter lors d\u2019une phase finale, avec des matches de haute intensit\u00e9. Car il ne faut pas oublier que sa CAN en 2024 en C\u00f4te d\u2019Ivoire, \u00e0 l\u2019image de la s\u00e9lection nationale, \u00e9limin\u00e9e au premier tour comme en 2022, avait \u00e9t\u00e9 un \u00e9chec&#8221;, rappelle Nasser Sandjak, l\u2019ancien s\u00e9lectionneur de l\u2019Alg\u00e9rie.<\/p>\n<p>Revanchard apr\u00e8s une CAN 2024 rat\u00e9e<\/p>\n<p>Les premi\u00e8res impressions sont donc largement positives. M\u00eame si Riyad Mahrez n\u2019a pas tout bien fait \u00e0 l\u2019occasion des deux premiers matches de l\u2019Alg\u00e9rie, il a, au moins provisoirement, mis les sceptiques de son c\u00f4t\u00e9. &#8220;Il ne faut pas s\u2019attendre \u00e0 revoir le Mahrez de la CAN 2019 (les Alg\u00e9riens avaient remport\u00e9 la comp\u00e9tition organis\u00e9e en Egypte et l\u2019ailier, auteur de trois buts, s\u2019\u00e9tait montr\u00e9 particuli\u00e8rement brillant, ndlr), ou de ses plus belles ann\u00e9es \u00e0 Leicester et Manchester City&#8221;, intervient l\u2019ancien attaquant Ch\u00e9rif Oudjani, pass\u00e9 par Lens et Sochaux et champion d\u2019Afrique avec l\u2019Alg\u00e9rie en 1990. <\/p>\n<p><img decoding=\"async\" class=\"text-transparent h-full w-full object-cover\" src=\"https:\/\/www.europesays.com\/africa\/wp-content\/uploads\/2026\/01\/image-003af858-94ee-47c2-903c-8eadb2796b68-85-2560-1440.jpeg\" alt=\"picture\" data-testid=\"image-high-res\"\/><\/p>\n<p class=\"typo-tk-rs-caption-xs\">Riyad Mahrez lors de la CAN 2025<\/p>\n<p class=\"typo-tk-rs-caption-xs\">Cr\u00e9dit: Getty Images<\/p>\n<p>&#8220;Il va avoir 35 ans, il va moins vite, il n\u2019a pas forc\u00e9ment quatre-vingt-dix minutes dans les jambes, il n\u2019est plus aussi flamboyant, mais il est d\u00e9cisif et utile \u00e0 l\u2019\u00e9quipe.&#8221; Lors de la CAN en C\u00f4te d\u2019Ivoire, Mahrez, arriv\u00e9 en surpoids, \u00e9tait totalement pass\u00e9 \u00e0 c\u00f4t\u00e9 de son sujet, et parmi les supporters et les journalistes, certains r\u00e9clamaient, avec plus ou moins de nuance, qu\u2019il prenne sa retraite internationale.<\/p>\n<p>Avec Petkovic, une relation de confiance<\/p>\n<p>Deux ans plus tard, l\u2019ancien Citizen est toujours l\u00e0, et la relation qu\u2019il entretient avec Vladimir Petkovic, le s\u00e9lectionneur bosno-suisse depuis f\u00e9vrier 2024, n\u2019est pas \u00e9trang\u00e8re \u00e0 son retour \u00e0 un niveau plus conforme avec son talent. Les deux hommes avaient eu plusieurs conversations, dont l\u2019issue f\u00fbt le retour du joueur en \u00e9quipe nationale en septembre 2024. <\/p>\n<p><img decoding=\"async\" class=\"text-transparent h-full w-full object-cover\" src=\"https:\/\/www.europesays.com\/africa\/wp-content\/uploads\/2026\/01\/image-38a96a0f-d7c6-45ac-ab6e-a5051873f48a-85-2560-1440.jpeg\" alt=\"picture\" data-testid=\"image-high-res\"\/><\/p>\n<p class=\"typo-tk-rs-caption-xs\">Riyad Mahrez apr\u00e8s avoir marqu\u00e9 contre le Soudan (3-0)<\/p>\n<p class=\"typo-tk-rs-caption-xs\">Cr\u00e9dit: Getty Images<\/p>\n<p>&#8220;Le Mahrez d\u2019aujourd\u2019hui n\u2019a rien \u00e0 voir avec celui de la CAN ivoirienne. Il est plus aff\u00fbt\u00e9, donc plus entreprenant, plus performant. Il avait sans doute \u00e9t\u00e9 tr\u00e8s affect\u00e9 par les critiques. Oui, il peut rater des passes, des centres, perdre des duels, mais il est l\u00e0, efficace et impliqu\u00e9 et capable de gestes de grande classe&#8221;, reprend Nasser Sandjak. &#8220;Il a la confiance de Vladimir Petkovic. Je ne sais pas si c\u2019est la derni\u00e8re CAN de Mahrez, mais je constate qu\u2019il veut bien faire. Et puis, il a un \u00e9norme talent, et cela peut faire basculer un match en faveur de son \u00e9quipe, sur un seul coup de patte.&#8221;<\/p>\n<p>L\u2019ancien joueur de Quimper et du Havre est \u00e9galement per\u00e7u par Ch\u00e9rif Oudjani comme &#8220;un relais du s\u00e9lectionneur, car ils travaillent tous les deux en bonne intelligence, et un leader pour les jeunes arriv\u00e9s r\u00e9cemment dans le groupe.&#8221; Son exp\u00e9rience des grands rendez-vous internationaux sera utile mardi face \u00e0 la RD Congo, une des meilleures s\u00e9lections africaines de ces vingt-quatre derniers mois. &#8220;Mahrez est \u00e0 un \u00e2ge o\u00f9 il faut savoir l\u2019utiliser au mieux. Petkovic sait le faire. Mardi, l\u2019Alg\u00e9rie va disputer un vrai gros test contre la RDC, qui me fait tr\u00e8s bonne impression. L\u2019\u00e9quipe devra \u00eatre tr\u00e8s forte pour se qualifier, car ce sera un match tr\u00e8s difficile&#8221;, pr\u00e9vient Nasser Sandjak. Et son capitaine aura encore une fois un r\u00f4le important \u00e0 jouer au sein d\u2019un s\u00e9lection qui affrontera, en cas de qualification, le vainqueur de Nigeria-Mozambique.<\/p>\n","protected":false},"excerpt":{"rendered":"Riyad Mahrez, un leader pour l&#8217;Alg\u00e9rie Cr\u00e9dit: Getty Images Trois buts en deux matches, et pas n\u2019importe quand.&hellip;\n","protected":false},"author":2,"featured_media":6034,"comment_status":"","ping_status":"","sticky":false,"template":"","format":"standard","meta":{"footnotes":""},"categories":[254],"tags":[988,255,311],"class_list":{"0":"post-6033","1":"post","2":"type-post","3":"status-publish","4":"format-standard","5":"has-post-thumbnail","7":"category-algerie","8":"tag-africa-cup-of-nations-2025","9":"tag-algerie","10":"tag-football"},"share_on_mastodon":{"url":"","error":""},"_links":{"self":[{"href":"https:\/\/www.europesays.com\/africa\/wp-json\/wp\/v2\/posts\/6033","targetHints":{"allow":["GET"]}}],"collection":[{"href":"https:\/\/www.europesays.com\/africa\/wp-json\/wp\/v2\/posts"}],"about":[{"href":"https:\/\/www.europesays.com\/africa\/wp-json\/wp\/v2\/types\/post"}],"author":[{"embeddable":true,"href":"https:\/\/www.europesays.com\/africa\/wp-json\/wp\/v2\/users\/2"}],"replies":[{"embeddable":true,"href":"https:\/\/www.europesays.com\/africa\/wp-json\/wp\/v2\/comments?post=6033"}],"version-history":[{"count":0,"href":"https:\/\/www.europesays.com\/africa\/wp-json\/wp\/v2\/posts\/6033\/revisions"}],"wp:featuredmedia":[{"embeddable":true,"href":"https:\/\/www.europesays.com\/africa\/wp-json\/wp\/v2\/media\/6034"}],"wp:attachment":[{"href":"https:\/\/www.europesays.com\/africa\/wp-json\/wp\/v2\/media?parent=6033"}],"wp:term":[{"taxonomy":"category","embeddable":true,"href":"https:\/\/www.europesays.com\/africa\/wp-json\/wp\/v2\/categories?post=6033"},{"taxonomy":"post_tag","embeddable":true,"href":"https:\/\/www.europesays.com\/africa\/wp-json\/wp\/v2\/tags?post=6033"}],"curies":[{"name":"wp","href":"https:\/\/api.w.org\/{rel}","templated":true}]}}