{"id":6035,"date":"2026-01-05T23:34:08","date_gmt":"2026-01-05T23:34:08","guid":{"rendered":"https:\/\/www.europesays.com\/africa\/6035\/"},"modified":"2026-01-05T23:34:08","modified_gmt":"2026-01-05T23:34:08","slug":"senegal-lextraterrestre-yulu-souleve-des-questions-environnementales-en-bande-dessinee-reportage-afrique","status":"publish","type":"post","link":"https:\/\/www.europesays.com\/africa\/6035\/","title":{"rendered":"S\u00e9n\u00e9gal: l&#8217;extraterrestre Yulu soul\u00e8ve des questions environnementales en bande dessin\u00e9e &#8211; Reportage Afrique"},"content":{"rendered":"<p>\n                                                Yulu raconte l\u2019histoire d\u2019un petit extraterrestre qui d\u00e9couvre Dakar. Dans le deuxi\u00e8me tome de ce livre illustr\u00e9 pour enfants \u00ab\u00a0made in S\u00e9n\u00e9gal\u00a0\u00bb sorti au mois de novembre, le petit h\u00e9ros part cette fois explorer la d\u00e9charge de Mbeubeuss, \u00e0 la recherche d\u2019une pi\u00e8ce manquante pour r\u00e9parer son vaisseau spatial.\u00a0                    <\/p>\n<p>De notre correspondante \u00e0 Dakar,<\/p>\n<p>Le soir, quand le calme revient \u00e0 la maison, Ismaila Fall rallume ses deux grandes tablettes graphiques. C&#8217;est l\u00e0, dans son coin bureau, que le graphiste illustrateur donne vie \u00e0 ses personnages. Un bureau \u00ab\u00a0100 % num\u00e9rique\u00a0: pas de papier, pas de grande table de dessin\u00a0\u00bb, montre-t-il.<\/p>\n<p>Pour autant, Ismaila n\u2019est jamais vraiment seul : il a un assistant, sp\u00e9cialiste du livre pour enfants : son fils Mamadou, sept ans. Premier lecteur, premier critique, et relecteur attentif de Yulu, un livre illustr\u00e9 sur un petit extraterrestre. \u00ab\u00a0Quelquefois, j&#8217;oublie de dessiner ses yeux sur certaines planches ou de colorier ses chaussures en orange. Lui, il me corrige : &#8220;Papa, papa, ses chaussures \u00e9taient en orange, mais l\u00e0, elles sont bleus&#8221;\u00a0\u00bb, raconte-t-il.<\/p>\n<p>Roxane Dogan, la sc\u00e9nariste, a cr\u00e9\u00e9 et \u00e9crit l\u2019histoire en puisant elle aussi dans\u00a0ses souvenirs d&#8217;enfance : \u00ab\u00a0Je me suis rappel\u00e9 que \u2013 quand j&#8217;\u00e9tais plus jeune \u2013,\u00a0mon petit fr\u00e8re me posait souvent la question de savoir pourquoi, lorsque les extraterrestres arrivaient, ce n&#8217;\u00e9tait jamais en Afrique. Je n&#8217;avais pas de r\u00e9ponse plausible \u00e0 lui donner. Me rappelant de cela, je me suis dit\u00a0: &#8220;Pourquoi ne pas faire une petite histoire sur un petit bonhomme qui d\u00e9barque et qui d\u00e9couvre un peu un nouvel environnement ?&#8221; \u00bb.<\/p>\n<p> L&#8217;extraterrestre Yulu dans la d\u00e9charge de\u00a0Mbeubeuss <\/p>\n<p>Pour imaginer Yulu, Ismaila s\u2019est replong\u00e9 dans le film E.T. Mais ici, l&#8217;extraterrestre d\u00e9couvre le <a target=\"_self\" href=\"https:\/\/www.rfi.fr\/fr\/tag\/s\u00e9n\u00e9gal\/\" rel=\"nofollow noopener\">S\u00e9n\u00e9gal<\/a>. Dans ce deuxi\u00e8me opus, Yulu s\u2019aventure dans la gigantesque d\u00e9charge de Mbeubeuss, en banlieue de Dakar, \u00e0 la recherche d\u2019une pi\u00e8ce indispensable pour repartir dans l\u2019espace.<\/p>\n<p>Ismaila s\u2019est document\u00e9 \u2013 vid\u00e9os, photos, reportages \u2013 pour comprendre le quotidien des r\u00e9cup\u00e9rateurs et donner un vrai r\u00e9alisme \u00e0 ses dessins : \u00ab\u00a0C&#8217;est \u00e9mouvant. Je me rends compte qu&#8217;il y a des gens qui ne vivent que de cela.\u00a0Ils esp\u00e8rent y trouver un tr\u00e9sor\u00a0\u00bb.\u00a0<\/p>\n<p>\u00ab\u00a0J&#8217;y ai fait un tournage il y a quelques ann\u00e9es et j&#8217;ai \u00e9t\u00e9 assez marqu\u00e9e par ce que j&#8217;ai vu. J&#8217;ai saisi cette opportunit\u00e9 pour y consacrer un tome et pour conscientiser chez les enfants la question : &#8220;O\u00f9 vont les d\u00e9chets du quotidien ?&#8221;, parce qu&#8217;il faut commencer t\u00f4t \u00bb, explique pour sa part Roxane Dogan.<\/p>\n<p>Yulu au pays de la T\u00e9ranga\u00a0est publi\u00e9 par la maison d\u2019\u00e9dition s\u00e9n\u00e9galaise Saaraba et disponible dans de nombreuses librairies au S\u00e9n\u00e9gal, dans toute l&#8217;Afrique de l&#8217;Ouest, en France, mais \u00e9galement au Canada.<\/p>\n<p class=\"a-read-more\">\u00c0 lire aussi<a target=\"_self\" href=\"https:\/\/www.rfi.fr\/fr\/podcasts\/l-art-de-raconter-le-monde\/20260104-en-gambie-des-p\u00eacheurs-dans-une-mauvaise-passe\" class=\"a-read-more__link\" rel=\"nofollow noopener\">En Gambie, des p\u00eacheurs dans une mauvaise passe<\/a><\/p>\n","protected":false},"excerpt":{"rendered":"Yulu raconte l\u2019histoire d\u2019un petit extraterrestre qui d\u00e9couvre Dakar. Dans le deuxi\u00e8me tome de ce livre illustr\u00e9 pour&hellip;\n","protected":false},"author":2,"featured_media":6036,"comment_status":"","ping_status":"","sticky":false,"template":"","format":"standard","meta":{"footnotes":""},"categories":[48],"tags":[64,4492,557,392,237,159],"class_list":{"0":"post-6035","1":"post","2":"type-post","3":"status-publish","4":"format-standard","5":"has-post-thumbnail","7":"category-senegal","8":"tag-afrique","9":"tag-bande-dessinee","10":"tag-culture","11":"tag-environnement","12":"tag-reportage-afrique","13":"tag-senegal"},"share_on_mastodon":{"url":"","error":""},"_links":{"self":[{"href":"https:\/\/www.europesays.com\/africa\/wp-json\/wp\/v2\/posts\/6035","targetHints":{"allow":["GET"]}}],"collection":[{"href":"https:\/\/www.europesays.com\/africa\/wp-json\/wp\/v2\/posts"}],"about":[{"href":"https:\/\/www.europesays.com\/africa\/wp-json\/wp\/v2\/types\/post"}],"author":[{"embeddable":true,"href":"https:\/\/www.europesays.com\/africa\/wp-json\/wp\/v2\/users\/2"}],"replies":[{"embeddable":true,"href":"https:\/\/www.europesays.com\/africa\/wp-json\/wp\/v2\/comments?post=6035"}],"version-history":[{"count":0,"href":"https:\/\/www.europesays.com\/africa\/wp-json\/wp\/v2\/posts\/6035\/revisions"}],"wp:featuredmedia":[{"embeddable":true,"href":"https:\/\/www.europesays.com\/africa\/wp-json\/wp\/v2\/media\/6036"}],"wp:attachment":[{"href":"https:\/\/www.europesays.com\/africa\/wp-json\/wp\/v2\/media?parent=6035"}],"wp:term":[{"taxonomy":"category","embeddable":true,"href":"https:\/\/www.europesays.com\/africa\/wp-json\/wp\/v2\/categories?post=6035"},{"taxonomy":"post_tag","embeddable":true,"href":"https:\/\/www.europesays.com\/africa\/wp-json\/wp\/v2\/tags?post=6035"}],"curies":[{"name":"wp","href":"https:\/\/api.w.org\/{rel}","templated":true}]}}