{"id":6053,"date":"2026-01-05T23:47:11","date_gmt":"2026-01-05T23:47:11","guid":{"rendered":"https:\/\/www.europesays.com\/africa\/6053\/"},"modified":"2026-01-05T23:47:11","modified_gmt":"2026-01-05T23:47:11","slug":"lalgerie-dans-le-couloir-de-la-mort-de-la-can-2025","status":"publish","type":"post","link":"https:\/\/www.europesays.com\/africa\/6053\/","title":{"rendered":"L&#8217;Alg\u00e9rie dans le couloir de la mort de la CAN 2025"},"content":{"rendered":"<p style=\"text-align: justify\">L\u2019Alg\u00e9rie va affronter, demain au stade Moulay Hassan de Rabat, la RD Congo en 1\/8 de finale de la CAN 2025 (21 d\u00e9cembre- 18 janvier) qui se tient au Maroc. L\u2019EN fait partie des deux leaders des six groupes qui doivent se coltiner le deuxi\u00e8me d\u2019une autre poule. Le sort est loin d\u2019\u00eatre tendre avec les Verts. Toutefois, cela ne les emp\u00eache pas d\u2019avoir leur destin entre les pieds.<\/p>\n<p style=\"text-align: justify\">Malgr\u00e9 un suppos\u00e9 avantage que la place de leader du groupe devait conf\u00e9rer; El-Khadra se retrouve sur une voie compliqu\u00e9e pour esp\u00e9rer atteindre la finale. Cela suscite \u2013 naturellement \u2013 de nombreux interrogations et commentaires. Les complotistes vont jusqu\u2019\u00e0 assurer que tout est ficel\u00e9 dans le but d\u2019\u00e9liminer \u2013 pr\u00e9matur\u00e9ment \u2013 les prot\u00e9g\u00e9s de Vladimir Petkovic dans cette \u00e9preuve. L\u2019id\u00e9e serait d\u2019avantager le Maroc, pays h\u00f4te, que les Dz risquent de croiser en demi-finale. Ce sc\u00e9nario ne se r\u00e9alisera que si les deux s\u00e9lections survivent jusqu\u2019au carr\u00e9 d\u2019as.<\/p>\n<p style=\"text-align: justify\">Ce qu\u2019il faut savoir, c\u2019est que la nation organisatrice a toujours certains avantages tout \u00e0 fait \u201cnormaux\u201d pour un h\u00f4te. Le syst\u00e8me de comp\u00e9tition \u00e0 la CAN avec 24 participants oblige les la Conf\u00e9d\u00e9ration africaine (CAF) \u00e0 piquer 4 meilleurs troisi\u00e8mes dans les 6 poules. A partir de l\u00e0, tous les leaders des quatuors ne peuvent pas h\u00e9riter d\u2019un rep\u00each\u00e9. Seules les 4 premiers quartets tirent profit du r\u00e8glement.<\/p>\n<p>En 2019, le chemin tout autant sinueux<\/p>\n<p style=\"text-align: justify\">Manque de bol, la loterie des sph\u00e8res en PVC a tir\u00e9 les camarades de Riyad Mahrez dans le groupe \u201cE\u201d. Ainsi, ils savaient pr\u00e9alablement qu\u2019ils allaient se coltiner le 2e de la poule \u201cD\u201d qui devait \u00eatre soit le S\u00e9n\u00e9gal soit la RD Congo. Finalement, \u00e7a sera les Congolais. De son c\u00f4t\u00e9, m\u00eame si elle est championne en titre, la C\u00f4te d\u2019Ivoire, vers\u00e9e dans le quatuor \u201cF\u201d, sera, comme les Guerriers du D\u00e9sert, oppos\u00e9e au second de notre poule \u00e0 savoir le Burkina Faso.<\/p>\n<p style=\"text-align: justify\">Dans tous les cas, tout chemin vers le tr\u00f4ne n\u2019a pas les roses et le tapis rouge pour bitume. En 2019, la bande \u00e0 Djamel Belmadi a d\u00fb se d\u00e9faire de la Guin\u00e9e en 1\/8 de finale avant d\u2019\u00e9vincer la C\u00f4te d\u2019Ivoire en 1\/4 puis le Nig\u00e9ria en demies. En clou du spectacle, c\u2019\u00e9tait le S\u00e9n\u00e9gal qui s\u2019est \u2013 une nouvelle fois apr\u00e8s le premier tour \u2013 dress\u00e9 devant les h\u00e9ritiers de Lakhdar Belloumi. La couronne n\u2019est jamais servie sur un plateau d\u2019argent.<\/p>\n","protected":false},"excerpt":{"rendered":"L\u2019Alg\u00e9rie va affronter, demain au stade Moulay Hassan de Rabat, la RD Congo en 1\/8 de finale de&hellip;\n","protected":false},"author":2,"featured_media":6054,"comment_status":"","ping_status":"","sticky":false,"template":"","format":"standard","meta":{"footnotes":""},"categories":[254],"tags":[255,313,1153,483,179,238,1266,969,122,2075,292,4498,1271],"class_list":{"0":"post-6053","1":"post","2":"type-post","3":"status-publish","4":"format-standard","5":"has-post-thumbnail","7":"category-algerie","8":"tag-algerie","9":"tag-algu00e9rie","10":"tag-burkina-faso","11":"tag-caf","12":"tag-can-2025","13":"tag-cote-divoire","14":"tag-djamel-belmadi","15":"tag-maroc-can-2025","16":"tag-nigeria","17":"tag-rd-congo","18":"tag-riyad-mahrez","19":"tag-su00e9nu00e9gal","20":"tag-vladimir-petkovic"},"share_on_mastodon":{"url":"","error":""},"_links":{"self":[{"href":"https:\/\/www.europesays.com\/africa\/wp-json\/wp\/v2\/posts\/6053","targetHints":{"allow":["GET"]}}],"collection":[{"href":"https:\/\/www.europesays.com\/africa\/wp-json\/wp\/v2\/posts"}],"about":[{"href":"https:\/\/www.europesays.com\/africa\/wp-json\/wp\/v2\/types\/post"}],"author":[{"embeddable":true,"href":"https:\/\/www.europesays.com\/africa\/wp-json\/wp\/v2\/users\/2"}],"replies":[{"embeddable":true,"href":"https:\/\/www.europesays.com\/africa\/wp-json\/wp\/v2\/comments?post=6053"}],"version-history":[{"count":0,"href":"https:\/\/www.europesays.com\/africa\/wp-json\/wp\/v2\/posts\/6053\/revisions"}],"wp:featuredmedia":[{"embeddable":true,"href":"https:\/\/www.europesays.com\/africa\/wp-json\/wp\/v2\/media\/6054"}],"wp:attachment":[{"href":"https:\/\/www.europesays.com\/africa\/wp-json\/wp\/v2\/media?parent=6053"}],"wp:term":[{"taxonomy":"category","embeddable":true,"href":"https:\/\/www.europesays.com\/africa\/wp-json\/wp\/v2\/categories?post=6053"},{"taxonomy":"post_tag","embeddable":true,"href":"https:\/\/www.europesays.com\/africa\/wp-json\/wp\/v2\/tags?post=6053"}],"curies":[{"name":"wp","href":"https:\/\/api.w.org\/{rel}","templated":true}]}}