{"id":6189,"date":"2026-01-06T01:24:07","date_gmt":"2026-01-06T01:24:07","guid":{"rendered":"https:\/\/www.europesays.com\/africa\/6189\/"},"modified":"2026-01-06T01:24:07","modified_gmt":"2026-01-06T01:24:07","slug":"cest-quoi-la-can-1jour1actu-com","status":"publish","type":"post","link":"https:\/\/www.europesays.com\/africa\/6189\/","title":{"rendered":"C\u2019est quoi la CAN\u2009? &#8211; 1jour1actu.com"},"content":{"rendered":"<p>Connais-tu la Coupe d\u2019Afrique des nations\u2009? Cette comp\u00e9tition de foot fait vibrer tout le continent africain jusqu\u2019au 26 janvier. D\u00e9couvre comment est n\u00e9 ce tournoi dans notre vid\u00e9o\u2009!<\/p>\n<p>C\u2019est quoi la CAN ?<\/p>\n<p>C\u2019est la Coupe d\u2019Afrique des nations. Un grand tournoi de <a href=\"https:\/\/www.1jour1actu.com\/sport\/qui-a-invente-le-foot\" target=\"_blank\" rel=\"noreferrer noopener nofollow\">football<\/a> qui a lieu tous les 2\u00a0ans et rassemble 24 pays d\u2019Afrique. Ils s\u2019affrontent sur le terrain pour savoir qui sera le champion de foot du continent.<\/p>\n<p>C\u2019est l\u2019\u00c9gypte qui a remport\u00e9 le plus de victoires. Et c\u2019est aussi le pays \u00e0 l\u2019origine de la cr\u00e9ation de la Coupe d\u2019Afrique, avec l\u2019\u00c9thiopie et le Soudan. Le premier tournoi a eu lieu en 1957.<\/p>\n<p>Mais pourquoi cette comp\u00e9tition a \u00e9t\u00e9 cr\u00e9\u00e9e\u2009?<\/p>\n<p>\u00c0 cette \u00e9poque, la majorit\u00e9 des pays d\u2019Afrique luttent pour obtenir leur ind\u00e9pendance. Face aux pays europ\u00e9ens, qui ont occup\u00e9 leur territoire et les ont colonis\u00e9s pendant des ann\u00e9es, ils veulent montrer leur libert\u00e9 et leur autonomie.\u00a0Comme les pays d\u2019Afrique \u00e9taient absents des grandes comp\u00e9titions de foot internationales, ils d\u00e9cident d\u2019organiser la leur\u2026 La Coupe d\u2019Afrique des nations. C\u2019est\u00a0un tournoi sportif, mais c\u2019est aussi un moyen de c\u00e9l\u00e9brer la fiert\u00e9 et l\u2019unit\u00e9 du continent africain. L\u2019ambiance y est tr\u00e8s festive\u2009!<\/p>\n<p>La CAN conna\u00eet un grand succ\u00e8s<\/p>\n<p>Aujourd\u2019hui, les matchs sont diffus\u00e9s sur des cha\u00eenes internationales et les spectateurs les regardent depuis le monde entier. Le succ\u00e8s de la Coupe d\u2019Afrique grandit d\u2019ann\u00e9e en ann\u00e9e\u2026 et les r\u00e9compenses aussi. En 2026, au <a href=\"https:\/\/www.1jour1actu.com\/monde\/cest-ou-le-maroc\" target=\"_blank\" rel=\"noreferrer noopener nofollow\">Maroc<\/a>, le vainqueur remporte la somme record de 7 millions de dollars\u2009!<\/p>\n<p>Alors, pr\u00eat \u00e0 encourager ton \u00e9quipe pr\u00e9f\u00e9r\u00e9e\u2009?<\/p>\n<p>Et si tu es <a href=\"https:\/\/milan-jeunesse.com\/abonnement-1jour-1actu.html\" target=\"_blank\" rel=\"noreferrer noopener nofollow\">abonn\u00e9 au journal<\/a> hebdomadaire papier 1jour1actu, retrouve tout un article sur ce tournoi qui a de quoi nous faire vibrer. <\/p>\n<p><img loading=\"lazy\" decoding=\"async\" width=\"1000\" height=\"413\" src=\"data:image\/svg+xml,%3Csvg%20xmlns=\" http:=\"\" alt=\"\" class=\"wp-image-289681\" data-lazy-src=\"https:\/\/www.europesays.com\/africa\/wp-content\/uploads\/2026\/01\/Retrouve_ADLS-CAN.jpg\"\/><img loading=\"lazy\" decoding=\"async\" width=\"1000\" height=\"413\" src=\"https:\/\/www.europesays.com\/africa\/wp-content\/uploads\/2026\/01\/Retrouve_ADLS-CAN.jpg\" alt=\"\" class=\"wp-image-289681\"\/><\/p>\n<p class=\"author\">\n                            <a href=\"https:\/\/www.1jour1actu.com\/auteurs\/mariehiediteur31\" title=\"Articles par Marie HIRTZBERGER\" class=\"author url fn\" rel=\"author nofollow noopener\" target=\"_blank\">Marie HIRTZBERGER<\/a>                        <\/p>\n","protected":false},"excerpt":{"rendered":"Connais-tu la Coupe d\u2019Afrique des nations\u2009? Cette comp\u00e9tition de foot fait vibrer tout le continent africain jusqu\u2019au 26&hellip;\n","protected":false},"author":2,"featured_media":6190,"comment_status":"","ping_status":"","sticky":false,"template":"","format":"standard","meta":{"footnotes":""},"categories":[62],"tags":[64,311,310,4582],"class_list":{"0":"post-6189","1":"post","2":"type-post","3":"status-publish","4":"format-standard","5":"has-post-thumbnail","7":"category-afrique","8":"tag-afrique","9":"tag-football","10":"tag-sport","11":"tag-videos"},"share_on_mastodon":{"url":"","error":""},"_links":{"self":[{"href":"https:\/\/www.europesays.com\/africa\/wp-json\/wp\/v2\/posts\/6189","targetHints":{"allow":["GET"]}}],"collection":[{"href":"https:\/\/www.europesays.com\/africa\/wp-json\/wp\/v2\/posts"}],"about":[{"href":"https:\/\/www.europesays.com\/africa\/wp-json\/wp\/v2\/types\/post"}],"author":[{"embeddable":true,"href":"https:\/\/www.europesays.com\/africa\/wp-json\/wp\/v2\/users\/2"}],"replies":[{"embeddable":true,"href":"https:\/\/www.europesays.com\/africa\/wp-json\/wp\/v2\/comments?post=6189"}],"version-history":[{"count":0,"href":"https:\/\/www.europesays.com\/africa\/wp-json\/wp\/v2\/posts\/6189\/revisions"}],"wp:featuredmedia":[{"embeddable":true,"href":"https:\/\/www.europesays.com\/africa\/wp-json\/wp\/v2\/media\/6190"}],"wp:attachment":[{"href":"https:\/\/www.europesays.com\/africa\/wp-json\/wp\/v2\/media?parent=6189"}],"wp:term":[{"taxonomy":"category","embeddable":true,"href":"https:\/\/www.europesays.com\/africa\/wp-json\/wp\/v2\/categories?post=6189"},{"taxonomy":"post_tag","embeddable":true,"href":"https:\/\/www.europesays.com\/africa\/wp-json\/wp\/v2\/tags?post=6189"}],"curies":[{"name":"wp","href":"https:\/\/api.w.org\/{rel}","templated":true}]}}