{"id":6235,"date":"2026-01-06T01:57:19","date_gmt":"2026-01-06T01:57:19","guid":{"rendered":"https:\/\/www.europesays.com\/africa\/6235\/"},"modified":"2026-01-06T01:57:19","modified_gmt":"2026-01-06T01:57:19","slug":"senegal-ledition-2026-de-la-ziarra-omarienne-celebree-sobrement","status":"publish","type":"post","link":"https:\/\/www.europesays.com\/africa\/6235\/","title":{"rendered":"S\u00e9n\u00e9gal: L&#8217;\u00e9dition 2026 de la Ziarra omarienne c\u00e9l\u00e9br\u00e9e sobrement"},"content":{"rendered":"<p class=\"story-body-text\" data-para-word-count=\"36\">La Ziara omarienne 2026, d\u00e9di\u00e9e \u00e0 Thierno Seydou Nourou Tall et Thierno Mountaga Tall, sera organis\u00e9e cette ann\u00e9e de mani\u00e8re sobre comme l&#8217;ann\u00e9e derni\u00e8re. La raison : les travaux de finition de la grande mosqu\u00e9e omarienne.<\/p>\n<p class=\"story-body-text\" data-para-word-count=\"95\">La Ziarra annuelle d\u00e9di\u00e9e \u00e0 Thierno Seydou Nourou et Thierno Mountaga Tall, pr\u00e9vue les 24 et 25 janvier 2026, sera organis\u00e9e de fa\u00e7on sobre comme l&#8217;ann\u00e9e derni\u00e8re. En conf\u00e9rence de presse, hier, l&#8217;imam de la grande mosqu\u00e9e omarienne, Thierno Seydou Nourou Tall, a donn\u00e9 les raisons de la tenue de cette \u00e9dition sur deux jours. Selon lui, cette d\u00e9cision, prise par le comit\u00e9 d&#8217;organisation, notamment les \u00ab Ahbab Cheikh Oumar \u00bb (les amis de Cheikh Oumar), sous l&#8217;\u00e9gide du serviteur de la famille omarienne, s&#8217;explique par les travaux de finition de la grande mosqu\u00e9e omarienne.<\/p>\n<p class=\"story-body-text\" data-para-word-count=\"75\">\u00ab La pr\u00e9sence de mat\u00e9riel de construction sur le site restreint l&#8217;espace disponible, imposant ainsi la r\u00e9duction de la dur\u00e9e de la tenue de l&#8217;\u00e9v\u00e9nement religieux \u00bb, a-t-il fait savoir. Pour le premier jour, notamment le samedi 24 janvier 2026, la conf\u00e9rence religieuse, habituellement d\u00e9localis\u00e9e, se tiendra sur le site du mausol\u00e9e. Le lendemain, co\u00efncidant avec l&#8217;anniversaire du rappel \u00e0 Dieu de Thierno Seydou Nourou Tall, sera enti\u00e8rement consacr\u00e9 aux pri\u00e8res et aux invocations (douas).<\/p>\n<p class=\"story-body-text\" data-para-word-count=\"57\">En raison des contraintes d&#8217;espace li\u00e9es aux travaux, l&#8217;imam de la grande mosqu\u00e9e omarienne, Thierno Seydou Nourou Tall, a demand\u00e9 aux \u00ab dahira \u00bb (association religieuse) et aux imams situ\u00e9s en dehors de Dakar de ne pas se d\u00e9placer massivement, mais d&#8217;organiser la Ziara et les s\u00e9ances de pri\u00e8res chez eux, dans leurs propres localit\u00e9s et mosqu\u00e9es.<\/p>\n<p class=\"story-body-text\" style=\"text-align: center;\">\n<p>Restez inform\u00e9 des derniers gros titres sur <a href=\"https:\/\/whatsapp.com\/channel\/0029Vae09IP4inotqC0BUQ2V\" target=\"_blank\" rel=\"nofollow noopener\">WhatsApp<\/a> | <a href=\"https:\/\/www.linkedin.com\/company\/allafrica\/\" target=\"_blank\" rel=\"nofollow noopener\">LinkedIn<\/a><\/p>\n<p class=\"story-body-text\" data-para-word-count=\"51\">La ziarra omarienne est un \u00e9v\u00e9nement religieux annuel majeur au S\u00e9n\u00e9gal, c\u00e9l\u00e9brant les figures spirituelles de la famille de Cheikh Oumar Tall, notamment Thierno Seydou Nourou Tall et Thierno Mountaga Tall. Elle attire, chaque ann\u00e9e, des milliers de fid\u00e8les \u00e0 Dakar pour des pri\u00e8res et recueillements au mausol\u00e9e des illustres disparus.<\/p>\n","protected":false},"excerpt":{"rendered":"La Ziara omarienne 2026, d\u00e9di\u00e9e \u00e0 Thierno Seydou Nourou Tall et Thierno Mountaga Tall, sera organis\u00e9e cette ann\u00e9e&hellip;\n","protected":false},"author":2,"featured_media":198,"comment_status":"","ping_status":"","sticky":false,"template":"","format":"standard","meta":{"footnotes":""},"categories":[48],"tags":[63,83,265,262,96,261,2042,159,264,263,266,325],"class_list":{"0":"post-6235","1":"post","2":"type-post","3":"status-publish","4":"format-standard","5":"has-post-thumbnail","7":"category-senegal","8":"tag-africa","9":"tag-business","10":"tag-current-events","11":"tag-economy","12":"tag-news","13":"tag-politics","14":"tag-religion","15":"tag-senegal","16":"tag-sports","17":"tag-trade","18":"tag-travel","19":"tag-west-africa"},"share_on_mastodon":{"url":"","error":""},"_links":{"self":[{"href":"https:\/\/www.europesays.com\/africa\/wp-json\/wp\/v2\/posts\/6235","targetHints":{"allow":["GET"]}}],"collection":[{"href":"https:\/\/www.europesays.com\/africa\/wp-json\/wp\/v2\/posts"}],"about":[{"href":"https:\/\/www.europesays.com\/africa\/wp-json\/wp\/v2\/types\/post"}],"author":[{"embeddable":true,"href":"https:\/\/www.europesays.com\/africa\/wp-json\/wp\/v2\/users\/2"}],"replies":[{"embeddable":true,"href":"https:\/\/www.europesays.com\/africa\/wp-json\/wp\/v2\/comments?post=6235"}],"version-history":[{"count":0,"href":"https:\/\/www.europesays.com\/africa\/wp-json\/wp\/v2\/posts\/6235\/revisions"}],"wp:featuredmedia":[{"embeddable":true,"href":"https:\/\/www.europesays.com\/africa\/wp-json\/wp\/v2\/media\/198"}],"wp:attachment":[{"href":"https:\/\/www.europesays.com\/africa\/wp-json\/wp\/v2\/media?parent=6235"}],"wp:term":[{"taxonomy":"category","embeddable":true,"href":"https:\/\/www.europesays.com\/africa\/wp-json\/wp\/v2\/categories?post=6235"},{"taxonomy":"post_tag","embeddable":true,"href":"https:\/\/www.europesays.com\/africa\/wp-json\/wp\/v2\/tags?post=6235"}],"curies":[{"name":"wp","href":"https:\/\/api.w.org\/{rel}","templated":true}]}}