{"id":6249,"date":"2026-01-06T02:09:26","date_gmt":"2026-01-06T02:09:26","guid":{"rendered":"https:\/\/www.europesays.com\/africa\/6249\/"},"modified":"2026-01-06T02:09:26","modified_gmt":"2026-01-06T02:09:26","slug":"limmense-joie-des-supporters-du-maroc-apres-la-victoire-en-huitieme-contre-la-tanzanie","status":"publish","type":"post","link":"https:\/\/www.europesays.com\/africa\/6249\/","title":{"rendered":"l&#8217;immense joie des supporters du Maroc apr\u00e8s la victoire en huiti\u00e8me contre la Tanzanie"},"content":{"rendered":"<p>La capitale marocaine a retenu son souffle avant d\u2019exulter, ce dimanche 5 janvier. Dans la douleur mais avec d\u00e9termination, <a href=\"https:\/\/www.ouest-france.fr\/sport\/football\/coupe-d-afrique-des-nations\/direct\/direct-maroc-tanzanie-suivez-le-8e-de-finale-de-la-can-2025-en-live-915b9d8c-8a33-42a9-a7c5-1d53d139207a\" target=\"_blank\" rel=\"noopener noreferrer nofollow\">le Maroc a arrach\u00e9 son billet pour les quarts de finale de la CAN 2025<\/a>, au terme d\u2019un huiti\u00e8me de finale tendu face \u00e0 la Tanzanie. Une victoire courte, mais suffisante pour faire chavirer les c\u0153urs des supporters r\u00e9unis \u00e0 Rabat.<\/p>\n<p>Dans la foule, l\u2019\u00e9motion dominait. \u00ab Je suis trop contente d\u2019assister, c\u2019\u00e9tait un tr\u00e8s bon match, c\u2019\u00e9tait 1-0, j\u2019ai \u00e9t\u00e9 tr\u00e8s tr\u00e8s heureuse d\u2019assister \u00bb, confie Khadija Laghrib, 26 ans, venue c\u00e9l\u00e9brer pour la premi\u00e8re fois avec les supporters.\u00a0<\/p>\n<p>Lire aussi : <a href=\"https:\/\/www.ouest-france.fr\/sport\/football\/coupe-d-afrique-des-nations\/can-critique-pour-la-qualite-du-jeu-du-maroc-walid-regragui-prend-france-98-comme-exemple-79404b08-ea02-11f0-9b78-7c77e15311d5\" target=\"_blank\" rel=\"noopener noreferrer nofollow\">CAN. Critiqu\u00e9 pour la qualit\u00e9 du jeu du Maroc, Walid Regragui prend France 98\u00a0comme exemple<\/a><\/p>\n<p>Port\u00e9s par l\u2019espoir, les supporters se projettent d\u00e9j\u00e0.\u00a0Prochain obstacle : le Cameroun, vendredi 9 janvier. Un rendez-vous capital pour un peuple \u00e0 domicile qui le clame sans d\u00e9tour : \u00ab le peuple veut la coupe d\u2019Afrique \u00bb.<\/p>\n","protected":false},"excerpt":{"rendered":"La capitale marocaine a retenu son souffle avant d\u2019exulter, ce dimanche 5 janvier. Dans la douleur mais avec&hellip;\n","protected":false},"author":2,"featured_media":6250,"comment_status":"","ping_status":"","sticky":false,"template":"","format":"standard","meta":{"footnotes":""},"categories":[62],"tags":[4057,64,940,3254,4165,311,158,310],"class_list":{"0":"post-6249","1":"post","2":"type-post","3":"status-publish","4":"format-standard","5":"has-post-thumbnail","7":"category-afrique","8":"tag-actualite-en-continu","9":"tag-afrique","10":"tag-coupe-dafrique-des-nations","11":"tag-equipe-du-maroc-de-football","12":"tag-equipe-tanzanie-football","13":"tag-football","14":"tag-maroc","15":"tag-sport"},"share_on_mastodon":{"url":"","error":""},"_links":{"self":[{"href":"https:\/\/www.europesays.com\/africa\/wp-json\/wp\/v2\/posts\/6249","targetHints":{"allow":["GET"]}}],"collection":[{"href":"https:\/\/www.europesays.com\/africa\/wp-json\/wp\/v2\/posts"}],"about":[{"href":"https:\/\/www.europesays.com\/africa\/wp-json\/wp\/v2\/types\/post"}],"author":[{"embeddable":true,"href":"https:\/\/www.europesays.com\/africa\/wp-json\/wp\/v2\/users\/2"}],"replies":[{"embeddable":true,"href":"https:\/\/www.europesays.com\/africa\/wp-json\/wp\/v2\/comments?post=6249"}],"version-history":[{"count":0,"href":"https:\/\/www.europesays.com\/africa\/wp-json\/wp\/v2\/posts\/6249\/revisions"}],"wp:featuredmedia":[{"embeddable":true,"href":"https:\/\/www.europesays.com\/africa\/wp-json\/wp\/v2\/media\/6250"}],"wp:attachment":[{"href":"https:\/\/www.europesays.com\/africa\/wp-json\/wp\/v2\/media?parent=6249"}],"wp:term":[{"taxonomy":"category","embeddable":true,"href":"https:\/\/www.europesays.com\/africa\/wp-json\/wp\/v2\/categories?post=6249"},{"taxonomy":"post_tag","embeddable":true,"href":"https:\/\/www.europesays.com\/africa\/wp-json\/wp\/v2\/tags?post=6249"}],"curies":[{"name":"wp","href":"https:\/\/api.w.org\/{rel}","templated":true}]}}