{"id":6255,"date":"2026-01-06T02:12:21","date_gmt":"2026-01-06T02:12:21","guid":{"rendered":"https:\/\/www.europesays.com\/africa\/6255\/"},"modified":"2026-01-06T02:12:21","modified_gmt":"2026-01-06T02:12:21","slug":"le-tribunal-ecarte-deux-chefs-et-prononce-un-mois-ferme","status":"publish","type":"post","link":"https:\/\/www.europesays.com\/africa\/6255\/","title":{"rendered":"le tribunal \u00e9carte deux chefs et prononce un mois ferme"},"content":{"rendered":"<p data-originalcomputedfontsize=\"16\" data-removefontsize=\"true\" style=\"font-size: 1rem; -webkit-text-size-adjust: auto; caret-color: rgb(212, 212, 213); font-family: -apple-system, sans-serif; word-spacing: 1px; -webkit-tap-highlight-color: rgba(255, 255, 255, 0.25); border-color: rgb(49, 49, 49); color: rgb(49, 49, 49);\">Le tribunal de Pikine-Gu\u00e9diawaye a finalement rendu son verdict dans l\u2019affaire Cheikh Ndiaye, tr\u00e8s suivie par l\u2019opinion publique en raison des infractions reproch\u00e9es et des enjeux li\u00e9s \u00e0 l\u2019usage des contenus num\u00e9riques. Selon le quotidien Lib\u00e9ration, la juridiction a statu\u00e9 le vendredi 2 janvier, mettant ainsi un terme \u00e0 une proc\u00e9dure judiciaire marqu\u00e9e par de fortes r\u00e9quisitions du parquet. <\/p>\n<p style=\"-webkit-text-size-adjust: auto; caret-color: rgb(212, 212, 213); font-family: -apple-system, sans-serif; word-spacing: 1px; -webkit-tap-highlight-color: rgba(255, 255, 255, 0.25); border-color: rgb(49, 49, 49); color: rgb(49, 49, 49);\">\u00a0 <\/p>\n<p data-originalcomputedfontsize=\"16\" data-removefontsize=\"true\" style=\"font-size: 1rem; -webkit-text-size-adjust: auto; caret-color: rgb(212, 212, 213); font-family: -apple-system, sans-serif; word-spacing: 1px; -webkit-tap-highlight-color: rgba(255, 255, 255, 0.25); border-color: rgb(49, 49, 49); color: rgb(49, 49, 49);\">Poursuivi pour provocation \u00e0 un crime ou un d\u00e9lit, apologie d\u2019un crime ou d\u2019un d\u00e9lit et diffusion de contenus \u00e9lectroniques contraires aux bonnes m\u0153urs, Cheikh Ndiaye a vu sa situation p\u00e9nale partiellement \u00e9voluer \u00e0 l\u2019issue du d\u00e9lib\u00e9r\u00e9. En effet, rapporte Lib\u00e9ration, le tribunal n\u2019a retenu contre lui que le d\u00e9lit de diffusion de contenus \u00e9lectroniques contraires aux bonnes m\u0153urs, \u00e9cartant les deux autres chefs d\u2019accusation jug\u00e9s non suffisamment \u00e9tablis. <\/p>\n<p style=\"-webkit-text-size-adjust: auto; caret-color: rgb(212, 212, 213); font-family: -apple-system, sans-serif; word-spacing: 1px; -webkit-tap-highlight-color: rgba(255, 255, 255, 0.25); border-color: rgb(49, 49, 49); color: rgb(49, 49, 49);\">\u00a0 <\/p>\n<p data-originalcomputedfontsize=\"16\" data-removefontsize=\"true\" style=\"font-size: 1rem; -webkit-text-size-adjust: auto; caret-color: rgb(212, 212, 213); font-family: -apple-system, sans-serif; word-spacing: 1px; -webkit-tap-highlight-color: rgba(255, 255, 255, 0.25); border-color: rgb(49, 49, 49); color: rgb(49, 49, 49);\">\u00c0 l\u2019issue des d\u00e9bats, la juridiction de Pikine-Gu\u00e9diawaye a d\u00e9clar\u00e9 Cheikh Ndiaye coupable de ce seul d\u00e9lit et l\u2019a condamn\u00e9 \u00e0 un mois de prison ferme. Une d\u00e9cision bien en de\u00e7\u00e0 des r\u00e9quisitions du minist\u00e8re public, qui avait sollicit\u00e9 une peine beaucoup plus lourde, \u00e0 savoir un an d\u2019emprisonnement ferme assorti d\u2019une amende de 200 000 francs CFA. <\/p>\n<p style=\"-webkit-text-size-adjust: auto; caret-color: rgb(212, 212, 213); font-family: -apple-system, sans-serif; word-spacing: 1px; -webkit-tap-highlight-color: rgba(255, 255, 255, 0.25); border-color: rgb(49, 49, 49); color: rgb(49, 49, 49);\">\u00a0 <\/p>\n<p data-originalcomputedfontsize=\"16\" data-removefontsize=\"true\" dir=\"auto\" style=\"font-size: 1rem; -webkit-text-size-adjust: auto; caret-color: rgb(212, 212, 213); font-family: -apple-system, sans-serif; word-spacing: 1px; -webkit-tap-highlight-color: rgba(255, 255, 255, 0.25); border-color: rgb(49, 49, 49); color: rgb(49, 49, 49);\">Toujours selon Lib\u00e9ration, ce verdict illustre la volont\u00e9 du tribunal de faire la part des choses entre les faits av\u00e9r\u00e9s et ceux qui n\u2019ont pas \u00e9t\u00e9 suffisamment prouv\u00e9s au cours de l\u2019instruction et des audiences. Toutefois, la condamnation rappelle que la justice s\u00e9n\u00e9galaise demeure ferme face aux d\u00e9rives li\u00e9es \u00e0 la diffusion de contenus jug\u00e9s contraires aux bonnes m\u0153urs, notamment sur les plateformes num\u00e9riques. <\/p>\n","protected":false},"excerpt":{"rendered":"Le tribunal de Pikine-Gu\u00e9diawaye a finalement rendu son verdict dans l\u2019affaire Cheikh Ndiaye, tr\u00e8s suivie par l\u2019opinion publique&hellip;\n","protected":false},"author":2,"featured_media":6256,"comment_status":"","ping_status":"","sticky":false,"template":"","format":"standard","meta":{"footnotes":""},"categories":[48],"tags":[64,274,279,273,277,278,271,281,283,272,280,276,275,159,282],"class_list":{"0":"post-6255","1":"post","2":"type-post","3":"status-publish","4":"format-standard","5":"has-post-thumbnail","7":"category-senegal","8":"tag-afrique","9":"tag-aliou-cisse","10":"tag-amadou-ba","11":"tag-apr","12":"tag-bassirou-diomaye-faye","13":"tag-bathelemy-dias","14":"tag-dakar","15":"tag-el-malick-ndiaye","16":"tag-guy-marius-sagna","17":"tag-macky-sall","18":"tag-madiambal-diagne","19":"tag-ousmane-sonko","20":"tag-pastef","21":"tag-senegal","22":"tag-ziguinchor"},"share_on_mastodon":{"url":"","error":""},"_links":{"self":[{"href":"https:\/\/www.europesays.com\/africa\/wp-json\/wp\/v2\/posts\/6255","targetHints":{"allow":["GET"]}}],"collection":[{"href":"https:\/\/www.europesays.com\/africa\/wp-json\/wp\/v2\/posts"}],"about":[{"href":"https:\/\/www.europesays.com\/africa\/wp-json\/wp\/v2\/types\/post"}],"author":[{"embeddable":true,"href":"https:\/\/www.europesays.com\/africa\/wp-json\/wp\/v2\/users\/2"}],"replies":[{"embeddable":true,"href":"https:\/\/www.europesays.com\/africa\/wp-json\/wp\/v2\/comments?post=6255"}],"version-history":[{"count":0,"href":"https:\/\/www.europesays.com\/africa\/wp-json\/wp\/v2\/posts\/6255\/revisions"}],"wp:featuredmedia":[{"embeddable":true,"href":"https:\/\/www.europesays.com\/africa\/wp-json\/wp\/v2\/media\/6256"}],"wp:attachment":[{"href":"https:\/\/www.europesays.com\/africa\/wp-json\/wp\/v2\/media?parent=6255"}],"wp:term":[{"taxonomy":"category","embeddable":true,"href":"https:\/\/www.europesays.com\/africa\/wp-json\/wp\/v2\/categories?post=6255"},{"taxonomy":"post_tag","embeddable":true,"href":"https:\/\/www.europesays.com\/africa\/wp-json\/wp\/v2\/tags?post=6255"}],"curies":[{"name":"wp","href":"https:\/\/api.w.org\/{rel}","templated":true}]}}