{"id":6257,"date":"2026-01-06T02:13:31","date_gmt":"2026-01-06T02:13:31","guid":{"rendered":"https:\/\/www.europesays.com\/africa\/6257\/"},"modified":"2026-01-06T02:13:31","modified_gmt":"2026-01-06T02:13:31","slug":"can-2025-heros-du-maroc-mais-remplacant-au-real-madrid-le-paradoxe-brahim-diaz","status":"publish","type":"post","link":"https:\/\/www.europesays.com\/africa\/6257\/","title":{"rendered":"CAN 2025 : h\u00e9ros du Maroc mais rempla\u00e7ant au Real Madrid, le paradoxe Brahim Diaz"},"content":{"rendered":"<p>C&#8217;est l&#8217;une des principales attractions de cette \u00e9quipe marocaine qui affronte, dimanche 4 janvier, la Tanzanie en huiti\u00e8me de finale. \u00c0 26 ans, Brahim Diaz s&#8217;\u00e9panouit chez les Lions d&#8217;Atlas, avec qui il a d\u00e9j\u00e0 <a href=\"https:\/\/www.france24.com\/fr\/sports\/20251221-can-2025-maroc-dominateur-victoire-comores\" target=\"_self\" rel=\"nofollow noopener\">marqu\u00e9 trois buts (dont un penalty) lors de la phase de groupes<\/a> <a href=\"https:\/\/www.france24.com\/fr\/dossier\/can\/\" target=\"_self\" rel=\"nofollow noopener\">de la CAN 2025<\/a>. Il est m\u00eame meilleur buteur de la comp\u00e9tition avec son co\u00e9quipier Ayoub El-Kaabi et le capitaine de l&#8217;Alg\u00e9rie Riyad Mahrez.<\/p>\n<p class=\"a-read-more\">\u00c0 lire aussi<a href=\"https:\/\/www.france24.com\/fr\/sports\/20260101-stades-vides-buts-incroyables-tops-flops-10-jours-can-2025-maroc\" target=\"_self\" class=\"a-read-more__link\" rel=\"nofollow noopener\">Des stades modernes mais vides, des buts incroyables&#8230; Nos tops et nos flops apr\u00e8s 10 jours de CAN<\/a><\/p>\n<p>Hyper efficace depuis le d\u00e9but de la CAN, le petit ailier du Real Madrid (1\u00a0m\u00a070) est a m\u00eame battu un record vieux de 50 ans en devenant, selon Opta, le deuxi\u00e8me joueur marocain \u00e0 inscrire un but lors des trois matches de groupes d&#8217;une CAN depuis Ahmed Faras en 1972&#8230;<a href=\"https:\/\/www.france24.com\/fr\/sports\/20250818-can-palmares-complet-vainqueurs-histoire\" target=\"_self\" rel=\"nofollow noopener\"> l&#8217;ann\u00e9e du sacre<\/a>.<\/p>\n<p>N\u00e9 en Espagne d&#8217;une m\u00e8re espagnole et d&#8217;un p\u00e8re d&#8217;origine marocaine, Brahim Diaz a d&#8217;abord jou\u00e9 avec l&#8217;\u00e9quipe U21 d&#8217;Espagne, puis avec les A lors d&#8217;un match amical contre la Lituanie en 2021, avant de se tourner vers le Maroc en mars 2024.<\/p>\n<p> &#8220;Un joueur chirurgical&#8221; <\/p>\n<p>Le <a href=\"https:\/\/www.france24.com\/fr\/sports\/20251222-can-tous-les-quatre-ans-mots-forts-walid-regragui\" target=\"_self\" rel=\"nofollow noopener\">s\u00e9lectionneur marocain Walid Regragui<\/a>, qui a convaincu le binational de rejoindre les Lions de l&#8217;Atlas,\u00a0ne tarit pas d&#8217;\u00e9loges sur son attaquant : &#8220;Il peut faire la diff\u00e9rence \u00e0 tout moment. Il est entr\u00e9 dans la comp\u00e9tition avec un bon \u00e9tat d\u2019esprit. C\u2019est un joueur chirurgical, il peut nous faire gagner \u00e0 tout moment. Il fait beaucoup plus d\u2019appels, il est disponible pour l\u2019\u00e9quipe&#8221;, a-t-il d\u00e9clar\u00e9 en conf\u00e9rence de presse lundi.<\/p>\n<p class=\"a-read-more\">\u00c0 lire aussi<a href=\"https:\/\/www.france24.com\/fr\/sports\/20260101-can-2025-diaz-zidane-baleba-onze-type-phase-groupes\" target=\"_self\" class=\"a-read-more__link\" rel=\"nofollow noopener\">CAN 2025 : Brahim Diaz, Luca Zidane et Carlos Baleba&#8230; Notre onze type de la phase de groupes<\/a><\/p>\n<p>Joueur technique, il est particuli\u00e8rement agile dans les petits espaces gr\u00e2ce \u00e0 sa capacit\u00e9 \u00e0 jouer du pied droit comme du pied gauche. Son centre de gravit\u00e9 tr\u00e8s bas, ses petits appuis, et l&#8217;utilisation r\u00e9currente de ses bras pour tenir \u00e0 distance ses d\u00e9fenseurs, lui permettent de tenir le ballon malgr\u00e9 le pressing adverse.<\/p>\n<p> Situation frustrante au Real Madrid <\/p>\n<p>C&#8217;est pour ces qualit\u00e9s que le Real Madrid l&#8217;avait recrut\u00e9 en 2019 en provenance de Manchester City, son club formateur, pour 17,3 millions d&#8217;euros.\u00a0Apr\u00e8s plusieurs pr\u00eats successifs \u00e0 l&#8217;AC Milan, o\u00f9 il engrange un temps de jeu consid\u00e9rable, le Real le rappelle pour la saison 2023-2024 lors de laquelle il inscrit 10 buts en 40 rencontres.<\/p>\n<p>Mais l&#8217;arriv\u00e9e de Kylian Mbapp\u00e9 en juillet 2024, et surtout celle du nouvel entra\u00eeneur Xabi Alonso en mai 2025, ont progressivement rel\u00e9gu\u00e9 le Marocain sur le banc. En privil\u00e9giant un 4-3-3 depuis le d\u00e9but de la saison, Xabi Alonso fait davantage confiance au br\u00e9silien Rodrygo sur l&#8217;aile droite, quand il ne lui pr\u00e9f\u00e8re pas la p\u00e9pite turque Arda G\u00fcler. R\u00e9sultat, Brahim Diaz n&#8217;a commenc\u00e9 que 7 rencontres sur 18 depuis le d\u00e9but de la saison, et affiche des statistiques fam\u00e9liques : un but et deux passes d\u00e9cisives.<\/p>\n<p class=\"a-read-more\">\u00c0 lire aussi<a href=\"https:\/\/www.france24.com\/fr\/sports\/20251226-can-2025-programme-huitiemes-8es-finale\" target=\"_self\" class=\"a-read-more__link\" rel=\"nofollow noopener\">Le calendrier et les affiches des huiti\u00e8mes de finale de la CAN 2025<\/a><\/p>\n<p>Face \u00e0 cette situation compliqu\u00e9e, les rumeurs de transfert, en Europe mais aussi en Arabie saoudite, se multiplient depuis quelques mois. Le contrat actuel de Brahim Diaz expire en 2027, mais <a href=\"https:\/\/www.marca.com\/futbol\/real-madrid\/2025\/12\/30\/locura-brahim-marruecos-pichichi-lider-renovacion-apalabrada-anunciada.html\" target=\"_blank\" rel=\"nofollow noopener\">selon les informations du quotidien espagnol Marca<\/a>, le club madril\u00e8ne aurait d\u00e9j\u00e0 pr\u00e9par\u00e9 une offre de prolongation jusqu&#8217;en 2030 pour conserver le joueur. L&#8217;ailier marocain, qui souhaite s&#8217;imposer au Real Madrid, aurait demand\u00e9 des gages de temps de jeu \u00e0 la direction du club avant de donner son accord. Quel que soit sa d\u00e9cision finale, ses performances remarqu\u00e9es \u00e0 la CAN 2025 pourraient lui ouvrir des portes pour l&#8217;\u00e9t\u00e9 prochain.<\/p>\n","protected":false},"excerpt":{"rendered":"C&#8217;est l&#8217;une des principales attractions de cette \u00e9quipe marocaine qui affronte, dimanche 4 janvier, la Tanzanie en huiti\u00e8me&hellip;\n","protected":false},"author":2,"featured_media":6258,"comment_status":"","ping_status":"","sticky":false,"template":"","format":"standard","meta":{"footnotes":""},"categories":[41],"tags":[179,4602,158,1837,1387,264],"class_list":{"0":"post-6257","1":"post","2":"type-post","3":"status-publish","4":"format-standard","5":"has-post-thumbnail","7":"category-maroc","8":"tag-can-2025","9":"tag-can-2025-joueurs","10":"tag-maroc","11":"tag-pour-aller-plus-loin","12":"tag-real-madrid","13":"tag-sports"},"share_on_mastodon":{"url":"","error":""},"_links":{"self":[{"href":"https:\/\/www.europesays.com\/africa\/wp-json\/wp\/v2\/posts\/6257","targetHints":{"allow":["GET"]}}],"collection":[{"href":"https:\/\/www.europesays.com\/africa\/wp-json\/wp\/v2\/posts"}],"about":[{"href":"https:\/\/www.europesays.com\/africa\/wp-json\/wp\/v2\/types\/post"}],"author":[{"embeddable":true,"href":"https:\/\/www.europesays.com\/africa\/wp-json\/wp\/v2\/users\/2"}],"replies":[{"embeddable":true,"href":"https:\/\/www.europesays.com\/africa\/wp-json\/wp\/v2\/comments?post=6257"}],"version-history":[{"count":0,"href":"https:\/\/www.europesays.com\/africa\/wp-json\/wp\/v2\/posts\/6257\/revisions"}],"wp:featuredmedia":[{"embeddable":true,"href":"https:\/\/www.europesays.com\/africa\/wp-json\/wp\/v2\/media\/6258"}],"wp:attachment":[{"href":"https:\/\/www.europesays.com\/africa\/wp-json\/wp\/v2\/media?parent=6257"}],"wp:term":[{"taxonomy":"category","embeddable":true,"href":"https:\/\/www.europesays.com\/africa\/wp-json\/wp\/v2\/categories?post=6257"},{"taxonomy":"post_tag","embeddable":true,"href":"https:\/\/www.europesays.com\/africa\/wp-json\/wp\/v2\/tags?post=6257"}],"curies":[{"name":"wp","href":"https:\/\/api.w.org\/{rel}","templated":true}]}}