{"id":6271,"date":"2026-01-06T02:23:26","date_gmt":"2026-01-06T02:23:26","guid":{"rendered":"https:\/\/www.europesays.com\/africa\/6271\/"},"modified":"2026-01-06T02:23:26","modified_gmt":"2026-01-06T02:23:26","slug":"la-foudre-frappe-150-personnes-deux-morts","status":"publish","type":"post","link":"https:\/\/www.europesays.com\/africa\/6271\/","title":{"rendered":"la foudre frappe 150 personnes, deux morts"},"content":{"rendered":"<p>&#13;<br \/>\n                        Afrique du Sud : la foudre frappe 150 personnes, deux morts&#13;\n                    <\/p>\n<p style=\"text-align:\">La foudre a frapp\u00e9 150 personnes r\u00e9unies lors d&#8217;un festival en Afrique du Sud, faisant deux morts, ont indiqu\u00e9 dimanche 4 janvier les services de sant\u00e9 de la province du Nord-Ouest dans un communiqu\u00e9.<\/p>\n<p><a href=\"https:\/\/lecourrier.vn\/inde-1900-personnes-tuees-par-la-foudre-en-moyenne-chaque-annee\/1268009.html\" title=\"Inde : 1.900 personnes tu\u00e9es par la foudre en moyenne chaque ann\u00e9e\" rel=\"nofollow noopener\" target=\"_blank\">&gt;&gt; Inde : 1.900 personnes tu\u00e9es par la foudre en moyenne chaque ann\u00e9e<\/a><\/p>\n<p><a href=\"https:\/\/lecourrier.vn\/inde-la-foudre-tue-de-plus-en-plus-selon-des-scientifiques\/1268035.html\" title=\"Inde : la foudre tue de plus en plus, selon des scientifiques\" rel=\"nofollow noopener\" target=\"_blank\">&gt;&gt; Inde : la foudre tue de plus en plus, selon des scientifiques<\/a><\/p>\n<p><img decoding=\"async\" class=\"lazyload\" src=\"https:\/\/www.europesays.com\/africa\/wp-content\/uploads\/2026\/01\/084924-dfb7785d-4373-4de9-8ab6-6c22cfce4a3a.jpg\" alt=\"\"\/><br \/>Photo : AFP\/VNA\/CVN<\/p>\n<p style=\"text-align:left\">L&#8217;incident s&#8217;est produit pr\u00e8s du village de Mathibestad, situ\u00e9 \u00e0 environ  70 km au nord de Pretoria, o\u00f9 une f\u00eate traditionnelle se tient chaque  ann\u00e9e.<\/p>\n<p style=\"text-align:left\"> &#8220;Au total, 150 patients se sont pr\u00e9sent\u00e9s \u00e0 la clinique Mathibestad apr\u00e8s  avoir \u00e9t\u00e9 atteints par la foudre pendant l&#8217;\u00e9v\u00e9nement. 13 patients dans un  \u00e9tat critique ont \u00e9t\u00e9 transf\u00e9r\u00e9s \u00e0 l&#8217;h\u00f4pital Jubilee pour y \u00eatre pris en  charge pour diverses blessures. Deux patients \u00e9taient d\u00e9c\u00e9d\u00e9s \u00e0 leur  admission et sont en attente des services m\u00e9dico-l\u00e9gaux&#8221;, d\u00e9taille le  communiqu\u00e9.<\/p>\n<p style=\"text-align:left\">La &#8220;majorit\u00e9 des patients&#8221; souffrent de &#8220;br\u00fblures l\u00e9g\u00e8res li\u00e9es \u00e0 la  foudre&#8221;, selon la m\u00eame source.<\/p>\n<p style=\"text-align:left\">Les orages sont courants dans cette partie de l&#8217;Afrique du Sud lors de  l&#8217;\u00e9t\u00e9 austral. Apr\u00e8s le ph\u00e9nom\u00e8ne climatique El Ni\u00f1o, principal facteur  ayant caus\u00e9 la grave s\u00e9cheresse qui a affect\u00e9 l&#8217;Afrique australe en 2024,  le pays doit basculer ces mois-ci vers le ph\u00e9nom\u00e8ne inverse, La Ni\u00f1a.<\/p>\n<p style=\"text-align:left\">&#8220;L&#8217;effet habituel de La Ni\u00f1a sur l&#8217;Afrique du Sud est une probabilit\u00e9  accrue de pr\u00e9cipitations sup\u00e9rieures \u00e0 la normale dans le nord-est du pays  pendant l&#8217;\u00e9t\u00e9&#8221;, indiquaient les services m\u00e9t\u00e9orologiques sud-africains lors  de leur bulletin saisonnier dat\u00e9 du 30 novembre.<\/p>\n<p style=\"text-align:right\">APS\/VNA\/CVN<\/p>\n","protected":false},"excerpt":{"rendered":"&#13; Afrique du Sud : la foudre frappe 150 personnes, deux morts&#13; La foudre a frapp\u00e9 150 personnes&hellip;\n","protected":false},"author":2,"featured_media":6272,"comment_status":"","ping_status":"","sticky":false,"template":"","format":"standard","meta":{"footnotes":""},"categories":[62],"tags":[64,356,2426,4603],"class_list":{"0":"post-6271","1":"post","2":"type-post","3":"status-publish","4":"format-standard","5":"has-post-thumbnail","7":"category-afrique","8":"tag-afrique","9":"tag-afrique-du-sud","10":"tag-foudre","11":"tag-morts"},"share_on_mastodon":{"url":"","error":""},"_links":{"self":[{"href":"https:\/\/www.europesays.com\/africa\/wp-json\/wp\/v2\/posts\/6271","targetHints":{"allow":["GET"]}}],"collection":[{"href":"https:\/\/www.europesays.com\/africa\/wp-json\/wp\/v2\/posts"}],"about":[{"href":"https:\/\/www.europesays.com\/africa\/wp-json\/wp\/v2\/types\/post"}],"author":[{"embeddable":true,"href":"https:\/\/www.europesays.com\/africa\/wp-json\/wp\/v2\/users\/2"}],"replies":[{"embeddable":true,"href":"https:\/\/www.europesays.com\/africa\/wp-json\/wp\/v2\/comments?post=6271"}],"version-history":[{"count":0,"href":"https:\/\/www.europesays.com\/africa\/wp-json\/wp\/v2\/posts\/6271\/revisions"}],"wp:featuredmedia":[{"embeddable":true,"href":"https:\/\/www.europesays.com\/africa\/wp-json\/wp\/v2\/media\/6272"}],"wp:attachment":[{"href":"https:\/\/www.europesays.com\/africa\/wp-json\/wp\/v2\/media?parent=6271"}],"wp:term":[{"taxonomy":"category","embeddable":true,"href":"https:\/\/www.europesays.com\/africa\/wp-json\/wp\/v2\/categories?post=6271"},{"taxonomy":"post_tag","embeddable":true,"href":"https:\/\/www.europesays.com\/africa\/wp-json\/wp\/v2\/tags?post=6271"}],"curies":[{"name":"wp","href":"https:\/\/api.w.org\/{rel}","templated":true}]}}