{"id":6298,"date":"2026-01-06T02:41:11","date_gmt":"2026-01-06T02:41:11","guid":{"rendered":"https:\/\/www.europesays.com\/africa\/6298\/"},"modified":"2026-01-06T02:41:11","modified_gmt":"2026-01-06T02:41:11","slug":"can-maroc-2025-legypte-elimine-le-benin-et-file-en-quarts-de-finale","status":"publish","type":"post","link":"https:\/\/www.europesays.com\/africa\/6298\/","title":{"rendered":"CAN Maroc 2025: l\u2019Egypte \u00e9limine le B\u00e9nin et file en quarts de finale"},"content":{"rendered":"<p>\t\t\t\t\t<a class=\"post-thumbnail open-lightbox\" href=\"https:\/\/www.europesays.com\/africa\/wp-content\/uploads\/2026\/01\/egypte-_benin.jpg\"><img decoding=\"async\" src=\"https:\/\/www.europesays.com\/africa\/wp-content\/uploads\/2026\/01\/egypte-_benin.jpg\" alt=\"\"\/>\t\t\t\t\t\t<\/a><\/p>\n<p>L\u2019\u00e9quipe \u00e9gyptienne de football s\u2019est qualifi\u00e9e pour les quarts de finale de la Coupe d\u2019Afrique des Nations (CAN) Maroc-2025 en s\u2019imposant face \u00e0 son homologue b\u00e9ninoise sur le score de 3 buts \u00e0 1 apr\u00e8s prolongation, en match des huiti\u00e8mes de finale disput\u00e9 lundi au Grand stade d\u2019Agadir.<\/p>\n<p>L\u2019Egypte a ouvert le score par l\u2019interm\u00e9diaire de Marwan Attia \u00e0 la 69e minute, avant que le B\u00e9nin n\u2019\u00e9galise gr\u00e2ce \u00e0 Jodel Dossou \u00e0 la 83e minute, poussant les deux \u00e9quipes \u00e0 disputer la prolongation.<\/p>\n<p><a itemprop=\"url\" class=\"turagvzm-link\" href=\"https:\/\/www.youtube.com\/watch?v=LB5b4t_CTSg\" target=\"_blank\" rel=\"nofollow noopener\"><img decoding=\"async\" class=\"turagvzm-image\" src=\"https:\/\/www.europesays.com\/africa\/wp-content\/uploads\/2026\/01\/AOM-AF-300x250-1.jpg\" alt=\"Airports-M-small\"\/><\/a> <\/p>\n<p>Au cours de celle-ci, Yasser Ibrahim a redonn\u00e9 l\u2019avantage aux \u00c9gyptiens \u00e0 la 97e minute, avant que Mohamed Salah ne scelle d\u00e9finitivement la victoire des Pharaons dans le temps additionnel de la prolongation (120e+4).<\/p>\n<p>Gr\u00e2ce \u00e0 ce succ\u00e8s, l\u2019Egypte affrontera en quarts de finale le vainqueur du match opposant la C\u00f4te d\u2019Ivoire au Burkina Faso, pr\u00e9vu mardi au Grand stade de Marrakech.<\/p>\n<p>  <a itemprop=\"url\" class=\"turagvzm-link\" href=\"https:\/\/www.visitmorocco.com\/fr\/maroc-terre-de-football\/fr?utm_source=supportspremiumma&amp;utm_campaign=007~afcon25~ma~11~25~supportspremiumma~display~reservation~awareness~cam50m~fr&amp;utm_content=007~006~007~premium~image~1x1~autres\/?source=onmt-can-atlas\" target=\"_blank\" rel=\"nofollow noopener\"><img decoding=\"async\" class=\"turagvzm-image\" src=\"https:\/\/www.europesays.com\/africa\/wp-content\/uploads\/2026\/01\/Atlas-300x250-1.jpg\" alt=\"can2025-atlas\"\/><\/a>\t\t\t<\/p>\n","protected":false},"excerpt":{"rendered":"L\u2019\u00e9quipe \u00e9gyptienne de football s\u2019est qualifi\u00e9e pour les quarts de finale de la Coupe d\u2019Afrique des Nations (CAN)&hellip;\n","protected":false},"author":2,"featured_media":6299,"comment_status":"","ping_status":"","sticky":false,"template":"","format":"standard","meta":{"footnotes":""},"categories":[41],"tags":[1831,480,622,654,360,4631,4626,2845,4632,1861,4629,697,4628,4630,4627,1514,158,1823,310],"class_list":{"0":"post-6298","1":"post","2":"type-post","3":"status-publish","4":"format-standard","5":"has-post-thumbnail","7":"category-maroc","8":"tag-1831","9":"tag-a-la-une","10":"tag-atlasinfo","11":"tag-benin","12":"tag-can","13":"tag-can-maroc-2025","14":"tag-can-maroc-2025-legypte-elimine-le-benin-et-file-en-quarts-de-finale","15":"tag-de","16":"tag-egypte","17":"tag-elimine","18":"tag-en","19":"tag-et","20":"tag-file","21":"tag-finale","22":"tag-legypte","23":"tag-le","24":"tag-maroc","25":"tag-quarts","26":"tag-sport"},"share_on_mastodon":{"url":"","error":""},"_links":{"self":[{"href":"https:\/\/www.europesays.com\/africa\/wp-json\/wp\/v2\/posts\/6298","targetHints":{"allow":["GET"]}}],"collection":[{"href":"https:\/\/www.europesays.com\/africa\/wp-json\/wp\/v2\/posts"}],"about":[{"href":"https:\/\/www.europesays.com\/africa\/wp-json\/wp\/v2\/types\/post"}],"author":[{"embeddable":true,"href":"https:\/\/www.europesays.com\/africa\/wp-json\/wp\/v2\/users\/2"}],"replies":[{"embeddable":true,"href":"https:\/\/www.europesays.com\/africa\/wp-json\/wp\/v2\/comments?post=6298"}],"version-history":[{"count":0,"href":"https:\/\/www.europesays.com\/africa\/wp-json\/wp\/v2\/posts\/6298\/revisions"}],"wp:featuredmedia":[{"embeddable":true,"href":"https:\/\/www.europesays.com\/africa\/wp-json\/wp\/v2\/media\/6299"}],"wp:attachment":[{"href":"https:\/\/www.europesays.com\/africa\/wp-json\/wp\/v2\/media?parent=6298"}],"wp:term":[{"taxonomy":"category","embeddable":true,"href":"https:\/\/www.europesays.com\/africa\/wp-json\/wp\/v2\/categories?post=6298"},{"taxonomy":"post_tag","embeddable":true,"href":"https:\/\/www.europesays.com\/africa\/wp-json\/wp\/v2\/tags?post=6298"}],"curies":[{"name":"wp","href":"https:\/\/api.w.org\/{rel}","templated":true}]}}