{"id":6315,"date":"2026-01-06T02:55:10","date_gmt":"2026-01-06T02:55:10","guid":{"rendered":"https:\/\/www.europesays.com\/africa\/6315\/"},"modified":"2026-01-06T02:55:10","modified_gmt":"2026-01-06T02:55:10","slug":"un-adolescent-dimintanoute-mort-dans-sa-traversee-vers-ceuta-a-la-nage-2","status":"publish","type":"post","link":"https:\/\/www.europesays.com\/africa\/6315\/","title":{"rendered":"Un adolescent d&#8217;Imintanoute mort dans sa travers\u00e9e vers Ceuta \u00e0 la nage"},"content":{"rendered":"<p>Le corps d&#8217;un jeune Marocain issu la ville d&#8217;Imintanoute, province de Chichaoua, a \u00e9t\u00e9 retrouv\u00e9 sur la plage de Rincon, pr\u00e8s de M&#8217;diq, apr\u00e8s une tentative de travers\u00e9e \u00e0 la nage vers Ceuta. Selon les informations disponibles, la victime, \u00e2g\u00e9e de 17 ans, a \u00e9t\u00e9 retrouv\u00e9e sans vie, v\u00eatue d&#8217;une combinaison de plong\u00e9e.<\/p>\n<p>La d\u00e9pouille a \u00e9t\u00e9 transf\u00e9r\u00e9e \u00e0 la morgue, o\u00f9 le d\u00e9funt a \u00e9t\u00e9 identifi\u00e9 par sa famille, qui avait perdu contact avec lui depuis lundi dernier. A la recherche d&#8217;informations, les proches avaient lanc\u00e9 des appels \u00e0 l&#8217;aide sur les r\u00e9seaux sociaux pour conna\u00eetre le sort de leur fils.<br \/>\u00a0<br \/>\u00a0<br \/>\u00a0<\/p>\n","protected":false},"excerpt":{"rendered":"Le corps d&#8217;un jeune Marocain issu la ville d&#8217;Imintanoute, province de Chichaoua, a \u00e9t\u00e9 retrouv\u00e9 sur la plage&hellip;\n","protected":false},"author":2,"featured_media":6316,"comment_status":"","ping_status":"","sticky":false,"template":"","format":"standard","meta":{"footnotes":""},"categories":[41],"tags":[1213,557,4669,4670,2274,1600,4667,158,1361,4671,248,4668,310,4582],"class_list":{"0":"post-6315","1":"post","2":"type-post","3":"status-publish","4":"format-standard","5":"has-post-thumbnail","7":"category-maroc","8":"tag-actualite","9":"tag-culture","10":"tag-finance-economie","11":"tag-high-tech","12":"tag-infos","13":"tag-lifestyle","14":"tag-linformation-ma","15":"tag-maroc","16":"tag-monde","17":"tag-people","18":"tag-politique","19":"tag-site-infos","20":"tag-sport","21":"tag-videos"},"share_on_mastodon":{"url":"","error":""},"_links":{"self":[{"href":"https:\/\/www.europesays.com\/africa\/wp-json\/wp\/v2\/posts\/6315","targetHints":{"allow":["GET"]}}],"collection":[{"href":"https:\/\/www.europesays.com\/africa\/wp-json\/wp\/v2\/posts"}],"about":[{"href":"https:\/\/www.europesays.com\/africa\/wp-json\/wp\/v2\/types\/post"}],"author":[{"embeddable":true,"href":"https:\/\/www.europesays.com\/africa\/wp-json\/wp\/v2\/users\/2"}],"replies":[{"embeddable":true,"href":"https:\/\/www.europesays.com\/africa\/wp-json\/wp\/v2\/comments?post=6315"}],"version-history":[{"count":0,"href":"https:\/\/www.europesays.com\/africa\/wp-json\/wp\/v2\/posts\/6315\/revisions"}],"wp:featuredmedia":[{"embeddable":true,"href":"https:\/\/www.europesays.com\/africa\/wp-json\/wp\/v2\/media\/6316"}],"wp:attachment":[{"href":"https:\/\/www.europesays.com\/africa\/wp-json\/wp\/v2\/media?parent=6315"}],"wp:term":[{"taxonomy":"category","embeddable":true,"href":"https:\/\/www.europesays.com\/africa\/wp-json\/wp\/v2\/categories?post=6315"},{"taxonomy":"post_tag","embeddable":true,"href":"https:\/\/www.europesays.com\/africa\/wp-json\/wp\/v2\/tags?post=6315"}],"curies":[{"name":"wp","href":"https:\/\/api.w.org\/{rel}","templated":true}]}}