{"id":6333,"date":"2026-01-06T03:09:37","date_gmt":"2026-01-06T03:09:37","guid":{"rendered":"https:\/\/www.europesays.com\/africa\/6333\/"},"modified":"2026-01-06T03:09:37","modified_gmt":"2026-01-06T03:09:37","slug":"68-marches-sur-76-digitalises","status":"publish","type":"post","link":"https:\/\/www.europesays.com\/africa\/6333\/","title":{"rendered":"68 march\u00e9s sur 76 digitalis\u00e9s"},"content":{"rendered":"<p>La digitalisation des march\u00e9s de vente de poissons concerne d\u00e9sormais 68 march\u00e9s sur un total de 76, a affirm\u00e9, lundi \u00e0 la Chambre des repr\u00e9sentants, la secr\u00e9taire d\u2019\u00c9tat charg\u00e9e de la P\u00eache maritime, Zakia Driouich.<\/p>\n<p>Un syst\u00e8me num\u00e9rique a \u00e9t\u00e9 d\u00e9ploy\u00e9 au niveau des march\u00e9s de premi\u00e8re vente, garantissant transparence et tra\u00e7abilit\u00e9 pour les acheteurs, a poursuivi Mme Driouich lors de sa r\u00e9ponse \u00e0 une question orale sur \u00ab\u00a0La digitalisation du secteur de la p\u00eache maritime\u00a0\u00bb.<\/p>\n<p>Ainsi, elle a relev\u00e9 que la digitalisation s\u2019\u00e9tend \u00e9galement aux zones de p\u00eache, avec l\u2019ensemble des navires op\u00e9rant dans les eaux marocaines \u00e9tant suivis par satellite, tandis que le syst\u00e8me RFID (identification par radiofr\u00e9quence) permet de tracer les bateaux l\u00e9galement autoris\u00e9s afin de lutter contre la p\u00eache ill\u00e9gale.<\/p>\n<p>En outre, la secr\u00e9taire d\u2019\u00c9tat a pr\u00e9cis\u00e9 que la digitalisation concerne aussi les activit\u00e9s de recherche scientifique, les plans d\u2019am\u00e9nagement et les moyens de production, ainsi que le d\u00e9veloppement du syst\u00e8me de commercialisation des produits de la mer.<\/p>\n<p>Et de rappeler que, depuis le lancement du plan \u00ab\u00a0Halieutis \u00a0\u00bb en 2009, la transition num\u00e9rique a \u00e9t\u00e9 progressivement mise en \u0153uvre, notamment dans le domaine de l\u2019exportation des produits halieutiques, \u00e0 travers le passage des documents papier au traitement num\u00e9rique des donn\u00e9es.<\/p>\n<p>R\u00e9pondant \u00e0 une autre question orale sur \u00ab\u00a0la hausse des prix du poisson sur les march\u00e9s nationaux\u00a0\u00bb, Mme Driouich a indiqu\u00e9 que les prix ob\u00e9issent \u00e0 la logique de l\u2019offre et de la demande et demeurent actuellement \u00ab\u00a0relativement raisonnables\u00a0\u00bb, compte tenu de plusieurs facteurs, dont les conditions climatiques, le co\u00fbt des sorties en mer, la cha\u00eene du froid, ainsi que les marges des interm\u00e9diaires et des d\u00e9taillants.<\/p>\n<p>Dans ce sillage, elle a mis en avant les efforts du gouvernement pour assurer l\u2019approvisionnement des march\u00e9s nationaux en divers produits alimentaires, en \u00e9troite coordination avec les autorit\u00e9s comp\u00e9tentes, afin de r\u00e9guler les prix et de lutter contre toutes les formes de pratiques ill\u00e9gales et de sp\u00e9culation.<\/p>\n<p>La d\u00e9cision d\u2019interdire l\u2019exportation de la sardine congel\u00e9e \u00e0 compter du 1er f\u00e9vrier contribuera \u00e0 renforcer l\u2019approvisionnement du march\u00e9 national et \u00e0 maintenir les prix \u00e0 des niveaux acceptables, a-t-elle relev\u00e9, notant que des initiatives sp\u00e9cifiques seront mises en \u0153uvre durant le mois de Ramadan pour garantir l\u2019approvisionnement du march\u00e9 local en poisson congel\u00e9.<\/p>\n<p>Dans cette dynamique, elle a soulign\u00e9 que le gouvernement \u0153uvre \u00e0 la mise en place d\u2019une strat\u00e9gie ax\u00e9e principalement sur la durabilit\u00e9 des p\u00eacheries, \u00e0 travers la pr\u00e9servation des ressources halieutiques, le renforcement des m\u00e9canismes de contr\u00f4le, ainsi que le d\u00e9veloppement des infrastructures de commercialisation et la mise \u00e0 niveau des march\u00e9s locaux de vente de poissons.<\/p>\n","protected":false},"excerpt":{"rendered":"La digitalisation des march\u00e9s de vente de poissons concerne d\u00e9sormais 68 march\u00e9s sur un total de 76, a&hellip;\n","protected":false},"author":2,"featured_media":6334,"comment_status":"","ping_status":"","sticky":false,"template":"","format":"standard","meta":{"footnotes":""},"categories":[41],"tags":[3869,3874,3873,3870,3872,158,3871],"class_list":{"0":"post-6333","1":"post","2":"type-post","3":"status-publish","4":"format-standard","5":"has-post-thumbnail","7":"category-maroc","8":"tag-actualite-maroc","9":"tag-akhbar","10":"tag-journal","11":"tag-journal-maroc","12":"tag-lavieeco","13":"tag-maroc","14":"tag-press-maroc"},"share_on_mastodon":{"url":"","error":""},"_links":{"self":[{"href":"https:\/\/www.europesays.com\/africa\/wp-json\/wp\/v2\/posts\/6333","targetHints":{"allow":["GET"]}}],"collection":[{"href":"https:\/\/www.europesays.com\/africa\/wp-json\/wp\/v2\/posts"}],"about":[{"href":"https:\/\/www.europesays.com\/africa\/wp-json\/wp\/v2\/types\/post"}],"author":[{"embeddable":true,"href":"https:\/\/www.europesays.com\/africa\/wp-json\/wp\/v2\/users\/2"}],"replies":[{"embeddable":true,"href":"https:\/\/www.europesays.com\/africa\/wp-json\/wp\/v2\/comments?post=6333"}],"version-history":[{"count":0,"href":"https:\/\/www.europesays.com\/africa\/wp-json\/wp\/v2\/posts\/6333\/revisions"}],"wp:featuredmedia":[{"embeddable":true,"href":"https:\/\/www.europesays.com\/africa\/wp-json\/wp\/v2\/media\/6334"}],"wp:attachment":[{"href":"https:\/\/www.europesays.com\/africa\/wp-json\/wp\/v2\/media?parent=6333"}],"wp:term":[{"taxonomy":"category","embeddable":true,"href":"https:\/\/www.europesays.com\/africa\/wp-json\/wp\/v2\/categories?post=6333"},{"taxonomy":"post_tag","embeddable":true,"href":"https:\/\/www.europesays.com\/africa\/wp-json\/wp\/v2\/tags?post=6333"}],"curies":[{"name":"wp","href":"https:\/\/api.w.org\/{rel}","templated":true}]}}