{"id":6368,"date":"2026-01-06T03:40:12","date_gmt":"2026-01-06T03:40:12","guid":{"rendered":"https:\/\/www.europesays.com\/africa\/6368\/"},"modified":"2026-01-06T03:40:12","modified_gmt":"2026-01-06T03:40:12","slug":"intemperies-reprise-des-cours-mardi-a-tiznit","status":"publish","type":"post","link":"https:\/\/www.europesays.com\/africa\/6368\/","title":{"rendered":"Intemp\u00e9ries :\u00a0Reprise des cours mardi \u00e0 Tiznit"},"content":{"rendered":"<p>La Direction provinciale du minist\u00e8re de l\u2019\u00c9ducation nationale, du Pr\u00e9scolaire et des Sports \u00e0 Tiznit a annonc\u00e9 la reprise \u00e0 compter du mardi, des cours dans l\u2019ensemble des \u00e9tablissements scolaires publics et priv\u00e9s de la province.<\/p>\n<p>Dans un communiqu\u00e9, la Direction a pr\u00e9cis\u00e9 que cette d\u00e9cision fait suite \u00e0 la mise \u00e0 jour du bulletin d\u2019alerte \u00e9mis par la Direction g\u00e9n\u00e9rale de la m\u00e9t\u00e9orologie (DGM), faisant \u00e9tat d\u2019une am\u00e9lioration des conditions m\u00e9t\u00e9orologiques dans la province.<\/p>\n<p>La Direction provinciale a appel\u00e9 l\u2019ensemble des intervenants \u00e0 prendre les mesures de vigilance n\u00e9cessaires, tout en veillant au suivi de l\u2019\u00e9tat des routes, des pistes et des oueds, en coordination avec les autorit\u00e9s locales et les services comp\u00e9tents, ainsi qu\u2019\u00e0 assurer la communication avec les associations charg\u00e9es de la gestion du transport scolaire, afin de garantir la s\u00e9curit\u00e9 des usagers des \u00e9tablissements scolaires de la province.<\/p>\n<p>Les cours avaient \u00e9t\u00e9 suspendus \u00e0 titre pr\u00e9ventif et exceptionnel dans la province de Tiznit, vendredi apr\u00e8s-midi, samedi et lundi derniers, suite au bulletin d\u2019alerte \u00e9mis par la DGM, qui faisait \u00e9tat de fortes perturbations m\u00e9t\u00e9orologiques accompagn\u00e9es de pr\u00e9cipitations importantes et de vents violents.<\/p>\n","protected":false},"excerpt":{"rendered":"La Direction provinciale du minist\u00e8re de l\u2019\u00c9ducation nationale, du Pr\u00e9scolaire et des Sports \u00e0 Tiznit a annonc\u00e9 la&hellip;\n","protected":false},"author":2,"featured_media":6369,"comment_status":"","ping_status":"","sticky":false,"template":"","format":"standard","meta":{"footnotes":""},"categories":[41],"tags":[3869,3874,3873,3870,3872,158,3871],"class_list":{"0":"post-6368","1":"post","2":"type-post","3":"status-publish","4":"format-standard","5":"has-post-thumbnail","7":"category-maroc","8":"tag-actualite-maroc","9":"tag-akhbar","10":"tag-journal","11":"tag-journal-maroc","12":"tag-lavieeco","13":"tag-maroc","14":"tag-press-maroc"},"share_on_mastodon":{"url":"","error":""},"_links":{"self":[{"href":"https:\/\/www.europesays.com\/africa\/wp-json\/wp\/v2\/posts\/6368","targetHints":{"allow":["GET"]}}],"collection":[{"href":"https:\/\/www.europesays.com\/africa\/wp-json\/wp\/v2\/posts"}],"about":[{"href":"https:\/\/www.europesays.com\/africa\/wp-json\/wp\/v2\/types\/post"}],"author":[{"embeddable":true,"href":"https:\/\/www.europesays.com\/africa\/wp-json\/wp\/v2\/users\/2"}],"replies":[{"embeddable":true,"href":"https:\/\/www.europesays.com\/africa\/wp-json\/wp\/v2\/comments?post=6368"}],"version-history":[{"count":0,"href":"https:\/\/www.europesays.com\/africa\/wp-json\/wp\/v2\/posts\/6368\/revisions"}],"wp:featuredmedia":[{"embeddable":true,"href":"https:\/\/www.europesays.com\/africa\/wp-json\/wp\/v2\/media\/6369"}],"wp:attachment":[{"href":"https:\/\/www.europesays.com\/africa\/wp-json\/wp\/v2\/media?parent=6368"}],"wp:term":[{"taxonomy":"category","embeddable":true,"href":"https:\/\/www.europesays.com\/africa\/wp-json\/wp\/v2\/categories?post=6368"},{"taxonomy":"post_tag","embeddable":true,"href":"https:\/\/www.europesays.com\/africa\/wp-json\/wp\/v2\/tags?post=6368"}],"curies":[{"name":"wp","href":"https:\/\/api.w.org\/{rel}","templated":true}]}}