{"id":6441,"date":"2026-01-06T04:42:02","date_gmt":"2026-01-06T04:42:02","guid":{"rendered":"https:\/\/www.europesays.com\/africa\/6441\/"},"modified":"2026-01-06T04:42:02","modified_gmt":"2026-01-06T04:42:02","slug":"sans-nouvelle-de-son-fils-iba-baage-de-20-ans-depuis-le-2-janvier-sa-famille-dans-le-desarroi","status":"publish","type":"post","link":"https:\/\/www.europesays.com\/africa\/6441\/","title":{"rendered":"Sans nouvelle de son fils Iba B\u00e2,\u00e2g\u00e9 de 20 ans, depuis le 2 janvier, sa famille dans le d\u00e9sarroi"},"content":{"rendered":"<p>Un jeune cireur, par ailleurs ma\u00e7on \u00e0 ses heures perdues, du nom de Iba B\u00e2 et \u00e2g\u00e9 de 20 ans, est port\u00e9 disparu \u00e0 Thi\u00e8s depuis le 2 janvier 2026. Sa famille bas\u00e9e \u00e0 Matam, dans la commune de Ogo (Village de Dendoudy), est aujourd\u2019hui totalement d\u00e9sempar\u00e9e.\u00a0<\/p>\n<p>En effet, le jour de sa disparition au march\u00e9 Moussant\u00e9 de Thi\u00e8s, alors qu&#8217;il \u00e9tait avec ses fr\u00e8res, il aurait suivi un homme qui pr\u00e9tendait chercher des ouvriers pour un chantier. &#8220;Depuis lors, nous n&#8217;avons plus aucune nouvelle de lui&#8221;, a inform\u00e9 son oncle, Younouss Ndongo.\u00a0<\/p>\n<p>\u00a0<\/p>\n<p>\u00a0<\/p>\n<p>\u00c0 le croire toujours, Iba B\u00e2 jouit de toutes ses facult\u00e9s physiques et mentales. Malheureusement, lors de sa disparition, il n&#8217;avait pas un t\u00e9l\u00e9phone portable. La famille qui ne sait plus \u00e0 quel saint se vouer, appelle \u00e0 l&#8217;aide aux bonnes volont\u00e9s afin qu&#8217;elle puisse retrouver tr\u00e8s vite son fils&#8230;<\/p>\n","protected":false},"excerpt":{"rendered":"Un jeune cireur, par ailleurs ma\u00e7on \u00e0 ses heures perdues, du nom de Iba B\u00e2 et \u00e2g\u00e9 de&hellip;\n","protected":false},"author":2,"featured_media":6442,"comment_status":"","ping_status":"","sticky":false,"template":"","format":"standard","meta":{"footnotes":""},"categories":[48],"tags":[64,274,279,273,277,278,271,281,283,272,280,276,275,159,282],"class_list":{"0":"post-6441","1":"post","2":"type-post","3":"status-publish","4":"format-standard","5":"has-post-thumbnail","7":"category-senegal","8":"tag-afrique","9":"tag-aliou-cisse","10":"tag-amadou-ba","11":"tag-apr","12":"tag-bassirou-diomaye-faye","13":"tag-bathelemy-dias","14":"tag-dakar","15":"tag-el-malick-ndiaye","16":"tag-guy-marius-sagna","17":"tag-macky-sall","18":"tag-madiambal-diagne","19":"tag-ousmane-sonko","20":"tag-pastef","21":"tag-senegal","22":"tag-ziguinchor"},"share_on_mastodon":{"url":"","error":""},"_links":{"self":[{"href":"https:\/\/www.europesays.com\/africa\/wp-json\/wp\/v2\/posts\/6441","targetHints":{"allow":["GET"]}}],"collection":[{"href":"https:\/\/www.europesays.com\/africa\/wp-json\/wp\/v2\/posts"}],"about":[{"href":"https:\/\/www.europesays.com\/africa\/wp-json\/wp\/v2\/types\/post"}],"author":[{"embeddable":true,"href":"https:\/\/www.europesays.com\/africa\/wp-json\/wp\/v2\/users\/2"}],"replies":[{"embeddable":true,"href":"https:\/\/www.europesays.com\/africa\/wp-json\/wp\/v2\/comments?post=6441"}],"version-history":[{"count":0,"href":"https:\/\/www.europesays.com\/africa\/wp-json\/wp\/v2\/posts\/6441\/revisions"}],"wp:featuredmedia":[{"embeddable":true,"href":"https:\/\/www.europesays.com\/africa\/wp-json\/wp\/v2\/media\/6442"}],"wp:attachment":[{"href":"https:\/\/www.europesays.com\/africa\/wp-json\/wp\/v2\/media?parent=6441"}],"wp:term":[{"taxonomy":"category","embeddable":true,"href":"https:\/\/www.europesays.com\/africa\/wp-json\/wp\/v2\/categories?post=6441"},{"taxonomy":"post_tag","embeddable":true,"href":"https:\/\/www.europesays.com\/africa\/wp-json\/wp\/v2\/tags?post=6441"}],"curies":[{"name":"wp","href":"https:\/\/api.w.org\/{rel}","templated":true}]}}