{"id":647,"date":"2026-01-03T15:52:06","date_gmt":"2026-01-03T15:52:06","guid":{"rendered":"https:\/\/www.europesays.com\/africa\/647\/"},"modified":"2026-01-03T15:52:06","modified_gmt":"2026-01-03T15:52:06","slug":"senegal-collecte-massive-2300-emplois-sante-financiere-cheikh-fatma-diop-salue-le-redressement-spectaculaire-de-la-sonacos","status":"publish","type":"post","link":"https:\/\/www.europesays.com\/africa\/647\/","title":{"rendered":"S\u00e9n\u00e9gal: Collecte massive, 2300 emplois, sant\u00e9 financi\u00e8re &#8211; Cheikh Fatma Diop salue le redressement spectaculaire de la Sonacos"},"content":{"rendered":"<p class=\"story-body-text\" data-para-word-count=\"83\">Invit\u00e9 du plateau sp\u00e9cial de Soleil Digital consacr\u00e9 au d\u00e9briefing du discours \u00e0 la Nation du Pr\u00e9sident Bassirou Diomaye Faye \u00e0 l&#8217;occasion du Nouvel An, le Directeur de cabinet du ministre de l&#8217;Emploi et de la Formation professionnelle et technique, Cheikh Fatma Diop, a dress\u00e9 un tableau \u00e9loquent du redressement de la Soci\u00e9t\u00e9 nationale de commercialisation des ol\u00e9agineux du S\u00e9n\u00e9gal (Sonacos). Un exemple, selon lui, de la nouvelle dynamique impuls\u00e9e par les autorit\u00e9s actuelles en mati\u00e8re de gouvernance \u00e9conomique et de souverainet\u00e9 productive.<\/p>\n<p class=\"story-body-text\" data-para-word-count=\"63\">\u00c9conomiste et cadre du parti Pastef, Cheikh Fatma Diop est d&#8217;abord revenu sur l&#8217;\u00e9tat critique de l&#8217;entreprise \u00e0 l&#8217;arriv\u00e9e de son directeur g\u00e9n\u00e9ral, Elhadji Ndane Diagne, en juin 2024. \u00ab La Sonacos \u00e9tait dans une situation catastrophique. Ses cinq usines \u00e9taient compl\u00e8tement \u00e0 l&#8217;arr\u00eat \u00bb, a-t-il rappel\u00e9. Une paralysie industrielle qui pesait lourdement sur l&#8217;\u00e9conomie nationale et sur les revenus du monde rural.<\/p>\n<p class=\"story-body-text\" data-para-word-count=\"73\">Quelques mois plus tard, le contraste est saisissant. La relance des activit\u00e9s a permis la remise en marche de l&#8217;ensemble des unit\u00e9s de production et la cr\u00e9ation de plus de 2 300 emplois en huit mois, un signal fort dans un contexte de forte attente sociale. \u00ab Ce redressement n&#8217;est pas seulement industriel, il est aussi humain \u00bb, a soulign\u00e9 Cheikh Fatma Diop, insistant sur l&#8217;impact direct pour les travailleurs et leurs familles.<\/p>\n<p class=\"story-body-text\" data-para-word-count=\"64\">Sur le front agricole, les performances de la Sonacos traduisent la m\u00eame dynamique. Lors de la derni\u00e8re campagne, l&#8217;entreprise a collect\u00e9 155 000 tonnes d&#8217;arachides en 2024\/2025, -soit 12 fois de la performance de la campagne 2023\/2024-, injectant plus de 70 milliards de francs CFA dans le monde paysan. Une manne financi\u00e8re qui a contribu\u00e9 \u00e0 soulager les producteurs et \u00e0 s\u00e9curiser leurs revenus.<\/p>\n<p class=\"story-body-text\" style=\"text-align: center;\">\n<p>Restez inform\u00e9 des derniers gros titres sur <a href=\"https:\/\/whatsapp.com\/channel\/0029Vae09IP4inotqC0BUQ2V\" target=\"_blank\" rel=\"nofollow noopener\">WhatsApp<\/a> | <a href=\"https:\/\/www.linkedin.com\/company\/allafrica\/\" target=\"_blank\" rel=\"nofollow noopener\">LinkedIn<\/a><\/p>\n<p class=\"story-body-text\" data-para-word-count=\"47\">La campagne en cours confirme cette tendance. \u00c0 ce stade, 52150 tonnes d&#8217;arachides ont d\u00e9j\u00e0 \u00e9t\u00e9 r\u00e9ceptionn\u00e9es. \u00c0 cela s&#8217;ajoutent environ 18.825 tonnes suppl\u00e9mentaires attendues dans les prochains jours. Pour Cheikh Fatma Diop, ces chiffres t\u00e9moignent d&#8217;un retour de la confiance entre la Sonacos et les producteurs.<\/p>\n<p class=\"story-body-text\" data-para-word-count=\"65\">Le Directeur de cabinet a \u00e9galement mis en avant la capacit\u00e9 de collecte de l&#8217;entreprise, d\u00e9sormais renforc\u00e9e. La Sonacos peut absorber en moyenne 3 500 tonnes d&#8217;arachides par jour, avec un potentiel pouvant atteindre des niveaux bien plus \u00e9lev\u00e9s en fonction des besoins. \u00ab L&#8217;entreprise ach\u00e8te progressivement, selon son rythme d&#8217;absorption, mais elle s&#8217;est engag\u00e9e \u00e0 acheter le maximum d&#8217;arachides aux paysans \u00bb, a-t-il assur\u00e9.<\/p>\n","protected":false},"excerpt":{"rendered":"Invit\u00e9 du plateau sp\u00e9cial de Soleil Digital consacr\u00e9 au d\u00e9briefing du discours \u00e0 la Nation du Pr\u00e9sident Bassirou&hellip;\n","protected":false},"author":2,"featured_media":198,"comment_status":"","ping_status":"","sticky":false,"template":"","format":"standard","meta":{"footnotes":""},"categories":[48],"tags":[63,83,269,265,262,910,270,96,261,159,264,263,266,325],"class_list":{"0":"post-647","1":"post","2":"type-post","3":"status-publish","4":"format-standard","5":"has-post-thumbnail","7":"category-senegal","8":"tag-africa","9":"tag-business","10":"tag-business-and-finance","11":"tag-current-events","12":"tag-economy","13":"tag-industry-and-infrastructure","14":"tag-labour","15":"tag-news","16":"tag-politics","17":"tag-senegal","18":"tag-sports","19":"tag-trade","20":"tag-travel","21":"tag-west-africa"},"share_on_mastodon":{"url":"","error":""},"_links":{"self":[{"href":"https:\/\/www.europesays.com\/africa\/wp-json\/wp\/v2\/posts\/647","targetHints":{"allow":["GET"]}}],"collection":[{"href":"https:\/\/www.europesays.com\/africa\/wp-json\/wp\/v2\/posts"}],"about":[{"href":"https:\/\/www.europesays.com\/africa\/wp-json\/wp\/v2\/types\/post"}],"author":[{"embeddable":true,"href":"https:\/\/www.europesays.com\/africa\/wp-json\/wp\/v2\/users\/2"}],"replies":[{"embeddable":true,"href":"https:\/\/www.europesays.com\/africa\/wp-json\/wp\/v2\/comments?post=647"}],"version-history":[{"count":0,"href":"https:\/\/www.europesays.com\/africa\/wp-json\/wp\/v2\/posts\/647\/revisions"}],"wp:featuredmedia":[{"embeddable":true,"href":"https:\/\/www.europesays.com\/africa\/wp-json\/wp\/v2\/media\/198"}],"wp:attachment":[{"href":"https:\/\/www.europesays.com\/africa\/wp-json\/wp\/v2\/media?parent=647"}],"wp:term":[{"taxonomy":"category","embeddable":true,"href":"https:\/\/www.europesays.com\/africa\/wp-json\/wp\/v2\/categories?post=647"},{"taxonomy":"post_tag","embeddable":true,"href":"https:\/\/www.europesays.com\/africa\/wp-json\/wp\/v2\/tags?post=647"}],"curies":[{"name":"wp","href":"https:\/\/api.w.org\/{rel}","templated":true}]}}