{"id":6479,"date":"2026-01-06T05:12:12","date_gmt":"2026-01-06T05:12:12","guid":{"rendered":"https:\/\/www.europesays.com\/africa\/6479\/"},"modified":"2026-01-06T05:12:12","modified_gmt":"2026-01-06T05:12:12","slug":"une-annee-capitale-pour-leconomie","status":"publish","type":"post","link":"https:\/\/www.europesays.com\/africa\/6479\/","title":{"rendered":"Une ann\u00e9e capitale pour l\u2019\u00e9conomie"},"content":{"rendered":"<p>        ]]><\/p>\n<p>Au seuil de la nouvelle ann\u00e9e, il ne nous para\u00eet pas inutile de faire succinctement le point. 1956 sera pour le Maroc une ann\u00e9e capitale \u00e0 bien des \u00e9gards. Le nombre, l\u2019importance et la complexit\u00e9 des probl\u00e8mes qui devront \u00eatre r\u00e9solus ont quelque chose d\u2019impressionnant. Sur le plan international, le Maroc devra d\u00e9finir ses nouveaux\u2026<\/p>\n<p>La suite de cet article est r\u00e9serv\u00e9e \u00e0 nos abonn\u00e9s.<\/p>\n<p><a class=\"red-btn\" href=\"https:\/\/www.lavieeco.com\/offres\" rel=\"nofollow noopener\" target=\"_blank\">D\u00e9couvrir nos offres d\u2019abonnement<\/a><\/p>\n<p><a href=\"https:\/\/www.lavieeco.com\/mon-compte\" rel=\"nofollow noopener\" target=\"_blank\">D\u00e9j\u00e0 abonn\u00e9? Je me connecte <\/a><\/p>\n","protected":false},"excerpt":{"rendered":"]]&gt; Au seuil de la nouvelle ann\u00e9e, il ne nous para\u00eet pas inutile de faire succinctement le point.&hellip;\n","protected":false},"author":2,"featured_media":6480,"comment_status":"","ping_status":"","sticky":false,"template":"","format":"standard","meta":{"footnotes":""},"categories":[41],"tags":[3869,3874,3873,3870,3872,158,3871],"class_list":{"0":"post-6479","1":"post","2":"type-post","3":"status-publish","4":"format-standard","5":"has-post-thumbnail","7":"category-maroc","8":"tag-actualite-maroc","9":"tag-akhbar","10":"tag-journal","11":"tag-journal-maroc","12":"tag-lavieeco","13":"tag-maroc","14":"tag-press-maroc"},"share_on_mastodon":{"url":"","error":""},"_links":{"self":[{"href":"https:\/\/www.europesays.com\/africa\/wp-json\/wp\/v2\/posts\/6479","targetHints":{"allow":["GET"]}}],"collection":[{"href":"https:\/\/www.europesays.com\/africa\/wp-json\/wp\/v2\/posts"}],"about":[{"href":"https:\/\/www.europesays.com\/africa\/wp-json\/wp\/v2\/types\/post"}],"author":[{"embeddable":true,"href":"https:\/\/www.europesays.com\/africa\/wp-json\/wp\/v2\/users\/2"}],"replies":[{"embeddable":true,"href":"https:\/\/www.europesays.com\/africa\/wp-json\/wp\/v2\/comments?post=6479"}],"version-history":[{"count":0,"href":"https:\/\/www.europesays.com\/africa\/wp-json\/wp\/v2\/posts\/6479\/revisions"}],"wp:featuredmedia":[{"embeddable":true,"href":"https:\/\/www.europesays.com\/africa\/wp-json\/wp\/v2\/media\/6480"}],"wp:attachment":[{"href":"https:\/\/www.europesays.com\/africa\/wp-json\/wp\/v2\/media?parent=6479"}],"wp:term":[{"taxonomy":"category","embeddable":true,"href":"https:\/\/www.europesays.com\/africa\/wp-json\/wp\/v2\/categories?post=6479"},{"taxonomy":"post_tag","embeddable":true,"href":"https:\/\/www.europesays.com\/africa\/wp-json\/wp\/v2\/tags?post=6479"}],"curies":[{"name":"wp","href":"https:\/\/api.w.org\/{rel}","templated":true}]}}