{"id":6528,"date":"2026-01-06T05:51:10","date_gmt":"2026-01-06T05:51:10","guid":{"rendered":"https:\/\/www.europesays.com\/africa\/6528\/"},"modified":"2026-01-06T05:51:10","modified_gmt":"2026-01-06T05:51:10","slug":"can-2025-8e-de-finale-i-algerie-rd-congo-i-sebastien-desabre-selectionneur-de-la-rdc-on-ne-sinterdit-rien","status":"publish","type":"post","link":"https:\/\/www.europesays.com\/africa\/6528\/","title":{"rendered":"CAN 2025 (8e de finale) I Alg\u00e9rie &#8211; RD Congo I S\u00e9bastien Desabre (s\u00e9lectionneur de la RDC) : &#8220;On ne s\u2019interdit rien&#8221;"},"content":{"rendered":"<p>En 2019 en Egypte, S\u00e9bastien Desabre (50 ans) avait particip\u00e9 avec l\u2019Ouganda \u00e0 sa premi\u00e8re phase finale de CAN, et le Fran\u00e7ais avait men\u00e9 les Cranes en 16e de finale, face au S\u00e9n\u00e9gal (0-1), le futur finaliste. Pr\u00e8s de sept ans plus tard, le Dr\u00f4mois retrouve le second tour de la comp\u00e9tition cette fois-ci avec la RD Congo, qu\u2019il a rejointe en ao\u00fbt 2022, et qu\u2019il pourrait aussi qualifier pour la Coupe du Monde l\u2019\u00e9t\u00e9 prochain, en cas de victoire au mois de mars face au vainqueur de Jama\u00efque-Nouvelle-Cal\u00e9donie. Avant d\u2019affronter l\u2019Alg\u00e9rie mardi soir \u00e0 Rabat, S\u00e9bastien Desabre \u00e9voque ce 16e de finale, mais \u00e9galement ses trois premi\u00e8res ann\u00e9es \u00e0 la t\u00eate des L\u00e9opards.<\/p>\n<p>Ce match entre la RD Congo et l\u2019Alg\u00e9rie est pr\u00e9sent\u00e9 comme particuli\u00e8rement ind\u00e9cis, et il semble difficile de d\u00e9gager un favori\u2026<\/p>\n<p>S\u00e9bastien Desabre\u00a0: Ce sera un match sans doute tr\u00e8s serr\u00e9, avec deux \u00e9quipes qui figurent dans le Top 10 africain du classement FIFA, puisque l\u2019Alg\u00e9rie est troisi\u00e8me et la RDC neuvi\u00e8me. Avec les matches \u00e0 \u00e9limination directe, c\u2019est une nouvelle comp\u00e9tition qui a commenc\u00e9. Les deux \u00e9quipes ont des ambitions, l\u2019Alg\u00e9rie est un gros morceau, c\u2019est une \u00e9quipe que nous connaissons bien et qui a des arguments techniques, qui poss\u00e8de de belles individualit\u00e9s avec Mahrez, Amoura, Benseba\u00efni par exemple. Mais nous avons nos qualit\u00e9s, on a beaucoup travaill\u00e9 sur diff\u00e9rents syst\u00e8mes de jeu pour ce match.<\/p>\n<p>On peut battre ou accrocher les meilleurs<\/p>\n<p>L\u2019Alg\u00e9rie, avant le d\u00e9but de la CAN, \u00e9tait r\u00e9guli\u00e8rement per\u00e7ue comme un des pr\u00e9tendants au titre, alors que la RDC \u00e9tait davantage class\u00e9e parmi les outsiders. Est-ce un statut qui vous convient\u00a0?<\/p>\n<p>S.D.\u00a0: Bien s\u00fbr, car c\u2019est le cas. Nous occupons la neuvi\u00e8me place africaine du classement FIFA. Les favoris, ce sont ceux qui sont devant, le Maroc, le S\u00e9n\u00e9gal, la C\u00f4te d\u2019Ivoire, l\u2019Alg\u00e9rie\u2026 Mais nous avons des ambitions nous aussi. Les joueurs et le staff technique ont envie de poursuivre cette aventure. Nous savons que nous pouvons battre ou accrocher les meilleurs, comme ce f\u00fbt le cas face au S\u00e9n\u00e9gal lors du premier tour (1-1). Nous avons aussi \u00e9limin\u00e9 le Cameroun (1-0) et le Nigeria (1-1, 4-3 aux t.a.b) en novembre lors du deuxi\u00e8me tour des \u00e9liminatoires du Mondial, ce qui nous permettra de jouer le barrage intercontinental en mars au Mexique. On ne s\u2019interdit rien.<\/p>\n<p><img decoding=\"async\" class=\"text-transparent h-full w-full object-cover\" src=\"https:\/\/www.europesays.com\/africa\/wp-content\/uploads\/2026\/01\/image-96e4ffea-bd03-4be0-8822-1ee769cd35ae-85-2560-1440.jpeg\" alt=\"picture\" data-testid=\"image-high-res\"\/><\/p>\n<p class=\"typo-tk-rs-caption-xs\">Chancel Mbemba (RD Congo) contre le Botswana lors de la CAN, le 30 d\u00e9cembre 2025<\/p>\n<p class=\"typo-tk-rs-caption-xs\">Cr\u00e9dit: Getty Images<\/p>\n<p>La RD Congo a effectu\u00e9 de gros progr\u00e8s depuis votre nomination en 2022 apr\u00e8s le d\u00e9part de l\u2019Argentin Hector Cuper. Ella a termin\u00e9 quatri\u00e8me lors de la CAN 2024, s\u2019est qualifi\u00e9e pour l\u2019\u00e9dition 2025 et est en passe de participer \u00e0 la Coupe du Monde. Est-ce un bilan que vous aviez imagin\u00e9\u00a0?<\/p>\n<p>S.D.\u00a0: Ce n\u2019\u00e9tait pas si \u00e9vident, car quand je suis arriv\u00e9, l\u2019\u00e9quipe avait perdu ses deux premiers matches qualificatifs pour la CAN 2024. Il fallait presque r\u00e9ussir un sans-faute pour se qualifier, et elle l\u2019a fait. Elle a termin\u00e9 \u00e0 la quatri\u00e8me place en C\u00f4te d\u2019Ivoire, et tout cela nous a fait gagner du temps. On a mis quelque chose en place avec le staff et les joueurs. Nous b\u00e9n\u00e9ficions de tr\u00e8s bonnes conditions de travail\u00a0: on voyage dans d\u2019excellents conditions, tout est bien organis\u00e9, l\u2019\u00e9quipe joue des matches amicaux quand il y a des dates FIFA faites pour cela, et quand des joueurs \u00e9voluent dans un bon environnement, qu\u2019ils ne doivent penser qu\u2019au terrain, cela se voit. On a fait de belles choses ces derni\u00e8res ann\u00e9es, on a progress\u00e9 au classement FIFA mais je consid\u00e8re que nous avons encore une marge de progression. Nous avons proc\u00e9d\u00e9 \u00e0 un certain renouvellement de l\u2019effectif, en injectant du sang neuf, mais tout en misant sur l\u2019importance et l\u2019exp\u00e9rience de certains cadres.<\/p>\n<p>Vous pensez notamment \u00e0 Chancel Mbemba, C\u00e9dric Bakambu, Arthur Masuaku, Samuel Moutoussamy ou Ga\u00ebl Kakuta\u00a0?<\/p>\n<p>S.D.\u00a0: Oui, entre autres. Ce sont des joueurs qui sont en s\u00e9lection depuis des ann\u00e9es, qui ont de l\u2019exp\u00e9rience, et qui non seulement sont tr\u00e8s impliqu\u00e9s dans leur r\u00f4le sur et en dehors du terrain. Je compte aussi sur eux pour l\u2019int\u00e9gration des nouveaux. J\u2019ai vraiment la chance d\u2019avoir un effectif soud\u00e9, uni, qui vit tr\u00e8s bien. Il y a une concurrence saine, les joueurs s\u2019entendent bien et sont tous tourn\u00e9s vers le m\u00eame objectif. C\u2019est ce qui nous permet de travailler en toute s\u00e9r\u00e9nit\u00e9, d\u2019avoir des certitudes dans notre jeu.<\/p>\n<p>Cette passion, cette ferveur, c\u2019est ce que les joueurs binationaux sont venus chercher en RDC. Et moi aussi, j\u2019adore ce contexte<\/p>\n<p>Votre s\u00e9lection est compos\u00e9e de quelques joueurs n\u00e9s en RDC, tels Mbemba, Elia, Mayele, ces deux derniers y ayant d\u00e9but\u00e9 leur carri\u00e8re professionnelle, mais surtout de binationaux, n\u00e9s en France, en Belgique, en Suisse ou en Angleterre. Certains d\u2019entre eux avaient m\u00eame jou\u00e9 pour leur pays de naissance, dans les cat\u00e9gories de jeunes, ou m\u00eame en A, comme Joris Kayembe (deux s\u00e9lections avec la Belgique), avant de r\u00e9pondre \u00e0 l\u2019invitation de la RDC. Comment l\u2019expliquez-vous\u00a0?<\/p>\n<p>S.D.\u00a0: Il y a un attachement tr\u00e8s fort des joueurs \u00e0 la RDC, m\u00eame s\u2019ils sont n\u00e9s en Europe, qu\u2019ils y ont \u00e9t\u00e9 form\u00e9s et qu\u2019ils y jouent. On leur pr\u00e9sente un projet sportif, en leur donnant des garanties sur le fonctionnement de la s\u00e9lection. Ils savent qu\u2019ils vont \u00e9voluer dans un cadre professionnel, que ce soit au niveau des voyages, des h\u00e9bergements ou des \u00e9quipements.<\/p>\n<p><img decoding=\"async\" class=\"text-transparent h-full w-full object-cover\" src=\"https:\/\/www.europesays.com\/africa\/wp-content\/uploads\/2026\/01\/image-26f50155-c555-44d4-a6b5-8304a8b98336-85-2560-1440.jpeg\" alt=\"picture\" data-testid=\"image-high-res\"\/><\/p>\n<p class=\"typo-tk-rs-caption-xs\">Fiston Mayele (RD Congo) contre le B\u00e9nin lors de la CAN, le 23 d\u00e9cembre 2025<\/p>\n<p class=\"typo-tk-rs-caption-xs\">Cr\u00e9dit: Getty Images<\/p>\n<p>Certains binationaux n\u2019ont-ils pas \u00e9t\u00e9 surpris par l\u2019incroyable ferveur, parfois m\u00eame la d\u00e9mesure, qui entoure la s\u00e9lection congolaise, notamment quand elle joue \u00e0 Kinshasa\u00a0?<\/p>\n<p>S.D.\u00a0: Je crois que c\u2019est ce qu\u2019ils recherchaient et ce qu\u2019ils sont venus chercher. Ils sont professionnels, ils aiment ces ambiances et je le r\u00e9p\u00e8te, ils sont tr\u00e8s attach\u00e9s \u00e0 leur pays d\u2019origine. La RDC est un pays bouillonnant, o\u00f9 tout n\u2019est pas simple. Mais cette passion des supporters est stimulante.<\/p>\n<p>Vous-m\u00eame, qui \u00eates d\u2019un naturel plut\u00f4t calme, n\u2019\u00eates-vous pas parfois \u00e9tonn\u00e9 par cette passion\u00a0?<\/p>\n<p>S.D.\u00a0: Je savais avant de signer en RDC \u00e0 quel point les Congolais aiment le football et leur s\u00e9lection nationale. Et m\u00eame si je suis comme vous le dites quelqu\u2019un de calme, j\u2019adore ce contexte. Cela peut \u00eatre parfois excessif, mais c\u2019est aussi pour conna\u00eetre cette passion que l\u2019on fait ce m\u00e9tier. Je sens que les Congolais attendent avec impatience ce match contre l\u2019Alg\u00e9rie. Ils ont envie qu\u2019on aille loin dans cette CAN. On va tout faire pour y parvenir, comme on fera tout pour se qualifier pour la Coupe du Monde.\u00a0Mais \u00e7a, on y pensera en temps voulu. L\u2019objectif, c\u2019est de se qualifier contre l\u2019Alg\u00e9rie. Et nous pouvons l\u2019atteindre\u2026<\/p>\n","protected":false},"excerpt":{"rendered":"En 2019 en Egypte, S\u00e9bastien Desabre (50 ans) avait particip\u00e9 avec l\u2019Ouganda \u00e0 sa premi\u00e8re phase finale de&hellip;\n","protected":false},"author":2,"featured_media":6529,"comment_status":"","ping_status":"","sticky":false,"template":"","format":"standard","meta":{"footnotes":""},"categories":[62],"tags":[988,64,311],"class_list":{"0":"post-6528","1":"post","2":"type-post","3":"status-publish","4":"format-standard","5":"has-post-thumbnail","7":"category-afrique","8":"tag-africa-cup-of-nations-2025","9":"tag-afrique","10":"tag-football"},"share_on_mastodon":{"url":"","error":""},"_links":{"self":[{"href":"https:\/\/www.europesays.com\/africa\/wp-json\/wp\/v2\/posts\/6528","targetHints":{"allow":["GET"]}}],"collection":[{"href":"https:\/\/www.europesays.com\/africa\/wp-json\/wp\/v2\/posts"}],"about":[{"href":"https:\/\/www.europesays.com\/africa\/wp-json\/wp\/v2\/types\/post"}],"author":[{"embeddable":true,"href":"https:\/\/www.europesays.com\/africa\/wp-json\/wp\/v2\/users\/2"}],"replies":[{"embeddable":true,"href":"https:\/\/www.europesays.com\/africa\/wp-json\/wp\/v2\/comments?post=6528"}],"version-history":[{"count":0,"href":"https:\/\/www.europesays.com\/africa\/wp-json\/wp\/v2\/posts\/6528\/revisions"}],"wp:featuredmedia":[{"embeddable":true,"href":"https:\/\/www.europesays.com\/africa\/wp-json\/wp\/v2\/media\/6529"}],"wp:attachment":[{"href":"https:\/\/www.europesays.com\/africa\/wp-json\/wp\/v2\/media?parent=6528"}],"wp:term":[{"taxonomy":"category","embeddable":true,"href":"https:\/\/www.europesays.com\/africa\/wp-json\/wp\/v2\/categories?post=6528"},{"taxonomy":"post_tag","embeddable":true,"href":"https:\/\/www.europesays.com\/africa\/wp-json\/wp\/v2\/tags?post=6528"}],"curies":[{"name":"wp","href":"https:\/\/api.w.org\/{rel}","templated":true}]}}