{"id":6532,"date":"2026-01-06T05:55:08","date_gmt":"2026-01-06T05:55:08","guid":{"rendered":"https:\/\/www.europesays.com\/africa\/6532\/"},"modified":"2026-01-06T05:55:08","modified_gmt":"2026-01-06T05:55:08","slug":"le-maroc-sosie-de-france-98-regragui-avoue-son-modele","status":"publish","type":"post","link":"https:\/\/www.europesays.com\/africa\/6532\/","title":{"rendered":"le Maroc sosie de France 98, Regragui avoue son mod\u00e8le"},"content":{"rendered":"<p>Qualifi\u00e9 p\u00e9niblement contre la Tanzanie (1-0) pour les quarts de finale de la <a href=\"https:\/\/www.onzemondial.com\/selections\/can.html\" rel=\"nofollow noopener\" target=\"_blank\">CAN<\/a> 2025, le Maroc de Walid Regragui n&#8217;a pas rassur\u00e9, au contraire. Avec un fond de jeu critiqu\u00e9, le Maroc s&#8217;est fait peur face \u00e0 des Tanzaniens sans complexe, qui auraient\u00a0bien pu jouer un mauvais tour au pays h\u00f4te. Pour cause, la pression est \u00e9norme autour des hommes de Regragui, qui attendent d\u00e9sesp\u00e9r\u00e9ment de remporter une nouvelle fois ce troph\u00e9e, \u00e0 domicile.<\/p>\n<p>A lire aussi :&#8221;C\u2019est leur arri\u00e8re droit qui n\u2019a jamais mis un but de sa vie qui met deux buts&#8221;<\/p>\n<p>Critiqu\u00e9 pour le faible fond de jeu de son \u00e9quipe, Walid Regragui s&#8217;est d\u00e9fendu apr\u00e8s la qualification dans la douleur contre la Tanzanie, en comparant sa formation \u00e0 celle de l&#8217;\u00e9quipe de France 98. &#8220;Je me rappelle toujours parce que j\u2019ai grandi en France. 1998, quand ils ont gagn\u00e9 la Coupe du monde en France, ils gagnent en 8es de finale avec un but en or contre le Paraguay, en quarts de finale ils se qualifient aux penalties et en demi-finales, ils sont men\u00e9s 1-0 contre la Croatie et c\u2019est leur arri\u00e8re droit qui n\u2019a jamais mis un but de sa vie qui a mis deux buts&#8221;. Des mots qui interviennent dans un contexte de forte pression autour de la s\u00e9lection marocaine, qui retrouvera le Cameroun pour les quarts de finale.<\/p>\n<p>Au Prince Moulay Abdellah Stadium de Rabah, le Maroc affrontera ce vendredi une des belles surprises de cette CAN 2025, le Cameroun, pour continuer dans sa qu\u00eate de remporter un deuxi\u00e8me titre continental apr\u00e8s celui de 1976. En comparant son \u00e9quipe \u00e0 celle de la France 98, Walid Regragui esp\u00e8re \u00e9videmment connaitre le m\u00eame d\u00e9nouement \u00e0 domicile. Selon lui, les grands succ\u00e8s s&#8217;obtiennent de cette mani\u00e8re dans les tournois internationaux, sans forc\u00e9ment faire de parcours parfait. &#8220;Ce sont des sc\u00e9narios qu\u2019il faut qu\u2019on apprenne quand on veut grandir en tant qu\u2019\u00e9quipe qui veut gagner les CAN. Et il y a une \u00e9quipe qui est encore en lice qui sait parfaitement gagner les CAN comme \u00e7a&#8221;, a-t-il ajout\u00e9. De quoi enlever la pression qui r\u00e8gne autour de son groupe ? R\u00e9ponse ce vendredi.<\/p>\n<p>   Partagez cette info avec vos amis et vos proches en cliquant ici<br \/> Pour r\u00e9sumer<\/p>\n<p>Walid Regragui, s\u00e9lectionneur du Maroc, s&#8217;est d\u00e9fendu en conf\u00e9rence de presse apr\u00e8s la qualification dans la douleur contre la Tanzanie en quarts de finale de la CAN 2025, en comparant son \u00e9quipe \u00e0 la France 98. Selon lui, ce genre de tournois se gagnent dans la douleur, sans faire de parcours parfait.<\/p>\n<p>R\u00e9dacteur<\/p>\n<p><img decoding=\"async\" width=\"76\" height=\"76\" loading=\"lazy\" src=\"https:\/\/www.europesays.com\/africa\/wp-content\/uploads\/2026\/01\/avatar-onze.webp.webp\" alt=\"Neil Souag\"\/><\/p>\n","protected":false},"excerpt":{"rendered":"Qualifi\u00e9 p\u00e9niblement contre la Tanzanie (1-0) pour les quarts de finale de la CAN 2025, le Maroc de&hellip;\n","protected":false},"author":2,"featured_media":6533,"comment_status":"","ping_status":"","sticky":false,"template":"","format":"standard","meta":{"footnotes":""},"categories":[41],"tags":[360,158],"class_list":{"0":"post-6532","1":"post","2":"type-post","3":"status-publish","4":"format-standard","5":"has-post-thumbnail","7":"category-maroc","8":"tag-can","9":"tag-maroc"},"share_on_mastodon":{"url":"","error":""},"_links":{"self":[{"href":"https:\/\/www.europesays.com\/africa\/wp-json\/wp\/v2\/posts\/6532","targetHints":{"allow":["GET"]}}],"collection":[{"href":"https:\/\/www.europesays.com\/africa\/wp-json\/wp\/v2\/posts"}],"about":[{"href":"https:\/\/www.europesays.com\/africa\/wp-json\/wp\/v2\/types\/post"}],"author":[{"embeddable":true,"href":"https:\/\/www.europesays.com\/africa\/wp-json\/wp\/v2\/users\/2"}],"replies":[{"embeddable":true,"href":"https:\/\/www.europesays.com\/africa\/wp-json\/wp\/v2\/comments?post=6532"}],"version-history":[{"count":0,"href":"https:\/\/www.europesays.com\/africa\/wp-json\/wp\/v2\/posts\/6532\/revisions"}],"wp:featuredmedia":[{"embeddable":true,"href":"https:\/\/www.europesays.com\/africa\/wp-json\/wp\/v2\/media\/6533"}],"wp:attachment":[{"href":"https:\/\/www.europesays.com\/africa\/wp-json\/wp\/v2\/media?parent=6532"}],"wp:term":[{"taxonomy":"category","embeddable":true,"href":"https:\/\/www.europesays.com\/africa\/wp-json\/wp\/v2\/categories?post=6532"},{"taxonomy":"post_tag","embeddable":true,"href":"https:\/\/www.europesays.com\/africa\/wp-json\/wp\/v2\/tags?post=6532"}],"curies":[{"name":"wp","href":"https:\/\/api.w.org\/{rel}","templated":true}]}}