{"id":6583,"date":"2026-01-06T06:39:13","date_gmt":"2026-01-06T06:39:13","guid":{"rendered":"https:\/\/www.europesays.com\/africa\/6583\/"},"modified":"2026-01-06T06:39:13","modified_gmt":"2026-01-06T06:39:13","slug":"promotion-a-oujda-de-la-technique-du-semis-direct-pour-aider-les-agriculteurs-a-faire-face-aux-defis-climatiques","status":"publish","type":"post","link":"https:\/\/www.europesays.com\/africa\/6583\/","title":{"rendered":"Promotion \u00e0 Oujda de la technique du semis direct pour aider les agriculteurs \u00e0 faire face aux d\u00e9fis climatiques"},"content":{"rendered":"<p>\t\t\t\t\t La Direction provinciale de l&#8217;Agriculture \u00e0 Oujda poursuit la mise en \u0153uvre de ses programmes visant \u00e0 promouvoir le semis direct, pilier essentiel du d\u00e9veloppement d&#8217;une agriculture r\u00e9siliente face au changement climatique, conform\u00e9ment aux objectifs de la strat\u00e9gie \u00abG\u00e9n\u00e9ration Green 2020-2030\u00bb. <\/p>\n<p>Cette initiative vise \u00e0 consacrer une pratique agricole consistant \u00e0 semer les c\u00e9r\u00e9ales sans labour, gr\u00e2ce \u00e0 des semoirs sp\u00e9cialis\u00e9s garantissant une productivit\u00e9 durable et permettant de pallier la rar\u00e9faction des pr\u00e9cipitations observ\u00e9e dans la r\u00e9gion ces derni\u00e8res ann\u00e9es. <\/p>\n<p>Dans ce contexte, la direction provinciale a renforc\u00e9 son parc de mat\u00e9riel d\u00e9di\u00e9 \u00e0 cette technique en mettant \u00e0 disposition trois nouveaux semoirs cette saison, portant le total \u00e0 douze, r\u00e9partis entre douze coop\u00e9ratives de services agricoles des jeunes dans diff\u00e9rentes communes relevant de son territoire de comp\u00e9tence, avec pour objectif d&#8217;atteindre une superficie de 3.000 hectares de cultures c\u00e9r\u00e9ali\u00e8res. <\/p>\n<p>Le directeur provincial de l&#8217;Agriculture \u00e0 Oujda, Mohamed Lafdili, a affirm\u00e9, \u00e0 cet \u00e9gard, que la technique du semis direct figure parmi les piliers strat\u00e9giques de l&#8217;initiative \u00abG\u00e9n\u00e9ration Green\u00bb pour le d\u00e9veloppement d&#8217;une agriculture adapt\u00e9e aux changements climatiques. <\/p>\n<p>Dans une d\u00e9claration \u00e0 la MAP, il a expliqu\u00e9 que cette technologie contribue efficacement \u00e0 la r\u00e9duction des co\u00fbts de carburant et d&#8217;intrants de production, tout en diminuant les \u00e9missions de dioxyde de carbone et en pr\u00e9servant la fertilit\u00e9 des sols et les r\u00e9serves d&#8217;eau gr\u00e2ce \u00e0 la pr\u00e9vention de l&#8217;\u00e9vaporation et \u00e0 la protection contre l&#8217;\u00e9rosion. <\/p>\n<p>Parall\u00e8lement \u00e0 ce soutien technique, les services du minist\u00e8re de l&#8217;Agriculture \u00e0 Oujda ont mis en \u0153uvre plusieurs mesures compl\u00e9mentaires, notamment la fourniture d&#8217;importantes quantit\u00e9s de semences s\u00e9lectionn\u00e9es et l&#8217;intensification des campagnes de sensibilisation et de formation encadr\u00e9es par des experts de l\u2019Office national du conseil agricole (ONCA) et de l&#8217;Institut national de recherche agricole (INRA). <\/p>\n<p>Selon Yousra Hsa\u00efni, conseill\u00e8re agricole au centre de Tafoughalt, la Direction r\u00e9gionale du conseil agricole de l\u2019Oriental s\u2019att\u00e8le \u00e0 la mise en \u0153uvre d&#8217;un programme de terrain complet visant \u00e0 soutenir les coop\u00e9ratives de services et les agriculteurs par le biais de formations et de journ\u00e9es de sensibilisation visant \u00e0 accro\u00eetre la productivit\u00e9 et \u00e0 garantir la durabilit\u00e9. <\/p>\n<p>De son c\u00f4t\u00e9, Abdelmajid Bechari, chef du service \u2019\u2019Recherche et D\u00e9veloppement\u2019\u2019 au Centre de recherche agricole d&#8217;Oujda, a soulign\u00e9 l&#8217;importance strat\u00e9gique de cette technique au sein du syst\u00e8me d&#8217;agriculture de conservation, mettant l\u2019accent sur les aspects techniques li\u00e9s au r\u00e9glage des semoirs, notamment l&#8217;adoption d&#8217;une dose de semence d&#8217;un quintal par hectare et la d\u00e9finition de la profondeur de semis \u00e0 environ cinq centim\u00e8tres pour assurer une germination optimale. <\/p>\n<p>Il a \u00e9galement mis en avant les retomb\u00e9es \u00e9conomiques positives, notamment la r\u00e9duction de la consommation de carburant et la baisse des co\u00fbts de main-d&#8217;\u0153uvre. <\/p>\n<p>Les services du secteur agricole misent sur les r\u00e9centes pluies pour \u00e9tendre les surfaces cultiv\u00e9es et d\u00e9passer les objectifs fix\u00e9s, garantissant ainsi la s\u00e9curit\u00e9 alimentaire locale, sachant que cette initiative s&#8217;inscrit dans une vision globale visant \u00e0 atteindre 50.000 hectares de terres cultiv\u00e9es d&#8217;ici 2030 dans la r\u00e9gion de l&#8217;Oriental.\n\t\t\t\t <\/p>\n","protected":false},"excerpt":{"rendered":"La Direction provinciale de l&#8217;Agriculture \u00e0 Oujda poursuit la mise en \u0153uvre de ses programmes visant \u00e0 promouvoir&hellip;\n","protected":false},"author":2,"featured_media":6584,"comment_status":"","ping_status":"","sticky":false,"template":"","format":"standard","meta":{"footnotes":""},"categories":[41],"tags":[3971,4771,158,4772,4773,4774],"class_list":{"0":"post-6583","1":"post","2":"type-post","3":"status-publish","4":"format-standard","5":"has-post-thumbnail","7":"category-maroc","8":"tag-agriculteurs","9":"tag-defis-climatiques","10":"tag-maroc","11":"tag-oujda","12":"tag-promotion","13":"tag-technique-du-semis-direct"},"share_on_mastodon":{"url":"","error":""},"_links":{"self":[{"href":"https:\/\/www.europesays.com\/africa\/wp-json\/wp\/v2\/posts\/6583","targetHints":{"allow":["GET"]}}],"collection":[{"href":"https:\/\/www.europesays.com\/africa\/wp-json\/wp\/v2\/posts"}],"about":[{"href":"https:\/\/www.europesays.com\/africa\/wp-json\/wp\/v2\/types\/post"}],"author":[{"embeddable":true,"href":"https:\/\/www.europesays.com\/africa\/wp-json\/wp\/v2\/users\/2"}],"replies":[{"embeddable":true,"href":"https:\/\/www.europesays.com\/africa\/wp-json\/wp\/v2\/comments?post=6583"}],"version-history":[{"count":0,"href":"https:\/\/www.europesays.com\/africa\/wp-json\/wp\/v2\/posts\/6583\/revisions"}],"wp:featuredmedia":[{"embeddable":true,"href":"https:\/\/www.europesays.com\/africa\/wp-json\/wp\/v2\/media\/6584"}],"wp:attachment":[{"href":"https:\/\/www.europesays.com\/africa\/wp-json\/wp\/v2\/media?parent=6583"}],"wp:term":[{"taxonomy":"category","embeddable":true,"href":"https:\/\/www.europesays.com\/africa\/wp-json\/wp\/v2\/categories?post=6583"},{"taxonomy":"post_tag","embeddable":true,"href":"https:\/\/www.europesays.com\/africa\/wp-json\/wp\/v2\/tags?post=6583"}],"curies":[{"name":"wp","href":"https:\/\/api.w.org\/{rel}","templated":true}]}}