{"id":668,"date":"2026-01-03T16:03:12","date_gmt":"2026-01-03T16:03:12","guid":{"rendered":"https:\/\/www.europesays.com\/africa\/668\/"},"modified":"2026-01-03T16:03:12","modified_gmt":"2026-01-03T16:03:12","slug":"can-2025-afrique-du-sud-cameroun-un-huitieme-indecis-entre-deux-geants-en-quete-de-reperes","status":"publish","type":"post","link":"https:\/\/www.europesays.com\/africa\/668\/","title":{"rendered":"CAN 2025 : Afrique du Sud\u2013Cameroun, un huiti\u00e8me ind\u00e9cis entre deux g\u00e9ants en qu\u00eate de rep\u00e8res"},"content":{"rendered":"<p>L\u2019Afrique du Sud et le Cameroun s\u2019affrontent dimanche au Stade Al Madina \u00e0 Rabat en huiti\u00e8mes de finale de la Coupe d\u2019Afrique des nations (CAN 2025). L\u2019affiche promet un duel \u00e0 suspense entre deux s\u00e9lections \u00e0 la r\u00e9putation bien \u00e9tablie sur le continent, mais qui n\u2019ont pas encore d\u00e9voil\u00e9 leur meilleur visage depuis le d\u00e9but du tournoi.<\/p>\n<p>Des qualifications sans \u00e9clat, des d\u00e9fenses en question<\/p>\n<p>Qualifi\u00e9s pour le deuxi\u00e8me tour sans v\u00e9ritablement convaincre, les Bafana Bafana comme les Lions indomptables ont montr\u00e9 une capacit\u00e9 \u00e0 faire la diff\u00e9rence offensivement. Leur parcours reste toutefois marqu\u00e9 par des insuffisances d\u00e9fensives, un point qui suscite l\u2019inqui\u00e9tude de leurs supporters \u00e0 l\u2019approche d\u2019un match \u00e0 \u00e9limination directe.<\/p>\n<p>L\u2019Afrique du Sud veut capitaliser sur son exp\u00e9rience r\u00e9cente<\/p>\n<p>Habitu\u00e9e aux phases avanc\u00e9es de la CAN, l\u2019Afrique du Sud s\u2019appuie sur un palmar\u00e8s contrast\u00e9 mais fourni. Vainqueurs en 1996, finalistes en 1998, troisi\u00e8mes en 2000 et 2023, et quart-de-finalistes \u00e0 plusieurs reprises, les Bafana Bafana entendent confirmer leur statut. M\u00e9daill\u00e9s de bronze lors de la derni\u00e8re \u00e9dition en C\u00f4te d\u2019Ivoire, ils visent un meilleur parcours, \u00ab dans le but de b\u00e2tir une dynamique gagnante avant le Mondial 2026 \u00bb, selon leur s\u00e9lectionneur Hugo Broos.<\/p>\n<p>Deuxi\u00e8me du groupe B avec six points, l\u2019Afrique du Sud a enregistr\u00e9 deux succ\u00e8s serr\u00e9s contre l\u2019Angola (2-1) et le Zimbabwe (3-2), avant de s\u2019incliner face \u00e0 l\u2019\u00c9gypte, leader du groupe. Appolis et Lyle Foster se sont illustr\u00e9s, chacun auteur de deux buts d\u00e9cisifs.<\/p>\n<p>Face au Cameroun, les Sud-Africains miseront sur un noyau important de joueurs locaux \u00e9voluant en Premiere Soccer League, une cr\u00e9ativit\u00e9 offensive et une organisation tactique capable de les sortir de situations complexes. Les failles d\u00e9fensives restent toutefois \u00e0 corriger.<\/p>\n<p>Le Cameroun, un h\u00e9ritage lourd \u00e0 assumer<\/p>\n<p>Avec cinq titres continentaux (1984, 1988, 2000, 2002 et 2017) et 22 participations \u00e0 la CAN, le Cameroun abordait la comp\u00e9tition en favori. Mais des tensions en amont, li\u00e9es aux dissensions entre la F\u00e9d\u00e9ration camerounaise et le minist\u00e8re des Sports, ont pes\u00e9 sur la pr\u00e9paration et le d\u00e9but de tournoi.<\/p>\n<p>Les Lions indomptables ont finalement d\u00e9croch\u00e9 leur qualification dans le doute, terminant deuxi\u00e8mes du groupe F avec sept points, gr\u00e2ce \u00e0 des victoires \u00e9triqu\u00e9es contre le Gabon (1-0) et le Mozambique (2-1), et un nul face \u00e0 la C\u00f4te d\u2019Ivoire (1-1). Ils semblent depuis avoir retrouv\u00e9 une certaine stabilit\u00e9, fond\u00e9e sur la discipline d\u00e9fensive et l\u2019efficacit\u00e9 offensive, un \u00e9quilibre encore \u00e0 confirmer.<\/p>\n<p>Jeunesse et enjeu du quart<\/p>\n<p>L\u2019\u00e9mergence de jeunes \u00e9l\u00e9ments, \u00e0 l\u2019image de Karl Etta et Christian Kofane, tous deux d\u00e9cisifs en phase de groupes, constitue un motif d\u2019espoir pour le Cameroun. Le vainqueur de ce huiti\u00e8me de finale affrontera le qualifi\u00e9 du match Maroc\u2013Tanzanie, ajoutant un enjeu suppl\u00e9mentaire \u00e0 une confrontation annonc\u00e9e ouverte et ind\u00e9cise.<\/p>\n","protected":false},"excerpt":{"rendered":"L\u2019Afrique du Sud et le Cameroun s\u2019affrontent dimanche au Stade Al Madina \u00e0 Rabat en huiti\u00e8mes de finale&hellip;\n","protected":false},"author":2,"featured_media":669,"comment_status":"","ping_status":"","sticky":false,"template":"","format":"standard","meta":{"footnotes":""},"categories":[62],"tags":[64,179,940,719,941,942],"class_list":{"0":"post-668","1":"post","2":"type-post","3":"status-publish","4":"format-standard","5":"has-post-thumbnail","7":"category-afrique","8":"tag-afrique","9":"tag-can-2025","10":"tag-coupe-dafrique-des-nations","11":"tag-football-africain","12":"tag-huitiemes-de-finale","13":"tag-phase-a-elimination-directe"},"share_on_mastodon":{"url":"","error":""},"_links":{"self":[{"href":"https:\/\/www.europesays.com\/africa\/wp-json\/wp\/v2\/posts\/668","targetHints":{"allow":["GET"]}}],"collection":[{"href":"https:\/\/www.europesays.com\/africa\/wp-json\/wp\/v2\/posts"}],"about":[{"href":"https:\/\/www.europesays.com\/africa\/wp-json\/wp\/v2\/types\/post"}],"author":[{"embeddable":true,"href":"https:\/\/www.europesays.com\/africa\/wp-json\/wp\/v2\/users\/2"}],"replies":[{"embeddable":true,"href":"https:\/\/www.europesays.com\/africa\/wp-json\/wp\/v2\/comments?post=668"}],"version-history":[{"count":0,"href":"https:\/\/www.europesays.com\/africa\/wp-json\/wp\/v2\/posts\/668\/revisions"}],"wp:featuredmedia":[{"embeddable":true,"href":"https:\/\/www.europesays.com\/africa\/wp-json\/wp\/v2\/media\/669"}],"wp:attachment":[{"href":"https:\/\/www.europesays.com\/africa\/wp-json\/wp\/v2\/media?parent=668"}],"wp:term":[{"taxonomy":"category","embeddable":true,"href":"https:\/\/www.europesays.com\/africa\/wp-json\/wp\/v2\/categories?post=668"},{"taxonomy":"post_tag","embeddable":true,"href":"https:\/\/www.europesays.com\/africa\/wp-json\/wp\/v2\/tags?post=668"}],"curies":[{"name":"wp","href":"https:\/\/api.w.org\/{rel}","templated":true}]}}