{"id":67249,"date":"2026-02-06T10:52:13","date_gmt":"2026-02-06T10:52:13","guid":{"rendered":"https:\/\/www.europesays.com\/africa\/67249\/"},"modified":"2026-02-06T10:52:13","modified_gmt":"2026-02-06T10:52:13","slug":"le-maroc-est-il-un-pays-pauvre-compare-a-lalgerie-et-a-la-tunisie-comme-on-peut-le-lire-sur-les-reseaux-sociaux-2","status":"publish","type":"post","link":"https:\/\/www.europesays.com\/africa\/67249\/","title":{"rendered":"Le Maroc est-il \u00ab un pays pauvre \u00bb compar\u00e9 \u00e0 l\u2019Alg\u00e9rie et \u00e0 la Tunisie, comme on peut le lire sur les r\u00e9seaux sociaux ?"},"content":{"rendered":"<p class=\"mb-4 text-lg md:leading-8 break-words\">FAKE OFF &#8211; Reprenant des propos d\u2019un ancien d\u00e9put\u00e9 marocain, plusieurs internautes affirment que \u00ab\u00a0le Maroc est un pays pauvre\u00a0\u00bb. En cause\u00a0: un PIB par habitant plus faible que celui de l\u2019Alg\u00e9rie et de la Tunisie. On a v\u00e9rifi\u00e9<\/p>\n<p class=\"mb-4 text-lg md:leading-8 break-words\">\u00ab\u00a0Le Maroc est un pays pauvre\u00a0\u00bb. Ces mots, attribu\u00e9s \u00e0 l\u2019ancien d\u00e9put\u00e9 marocain Omar Balafrej, ont \u00e9t\u00e9 partag\u00e9s par diff\u00e9rents internautes sur plusieurs r\u00e9seaux sociaux. <a href=\"https:\/\/x.com\/MouloudiaDZ3\/status\/2017592660656001453?s=20&amp;at_medium=RSS%20feed&amp;at_campaign=ynews&amp;utm_source=yahoo&amp;utm_medium=rss&amp;utm_campaign=news_feed&amp;utm_content=in_article_link\" rel=\"nofollow noopener\" target=\"_blank\" data-ylk=\"slk:X;elm:context_link;itc:0;sec:content-canvas\" class=\"link \">X<\/a>, <a href=\"https:\/\/www.20minutes.fr\/high-tech\/tiktok\/?at_medium=RSS%20feed&amp;at_campaign=ynews&amp;utm_source=yahoo&amp;utm_medium=rss&amp;utm_campaign=news_feed&amp;utm_content=in_article_link\" rel=\"nofollow noopener\" target=\"_blank\" data-ylk=\"slk:TikTok;elm:context_link;itc:0;sec:content-canvas\" class=\"link \">TikTok<\/a>, <a href=\"https:\/\/www.facebook.com\/share\/v\/1Zy7xgaX3Y\/?at_medium=RSS%20feed&amp;at_campaign=ynews&amp;utm_source=yahoo&amp;utm_medium=rss&amp;utm_campaign=news_feed&amp;utm_content=in_article_link\" rel=\"nofollow noopener\" target=\"_blank\" data-ylk=\"slk:Facebook;elm:context_link;itc:0;sec:content-canvas\" class=\"link \">Facebook<\/a>, et <a href=\"https:\/\/www.instagram.com\/reel\/DUVro8NjOy2\/?utm_source=ig_web_copy_link&amp;at_medium=RSS%20feed&amp;at_campaign=ynews&amp;utm_source=yahoo&amp;utm_medium=rss&amp;utm_campaign=news_feed&amp;utm_content=in_article_link\" rel=\"nofollow noopener\" target=\"_blank\" data-ylk=\"slk:Instagram;elm:context_link;itc:0;sec:content-canvas\" class=\"link \">Instagram<\/a> notamment. Tout cela entre le 31\u00a0janvier et le 4\u00a0f\u00e9vrier dernier. Certains posts, <a href=\"https:\/\/x.com\/Trakel23\/status\/2017556074237235676?s=20&amp;at_medium=RSS%20feed&amp;at_campaign=ynews&amp;utm_source=yahoo&amp;utm_medium=rss&amp;utm_campaign=news_feed&amp;utm_content=in_article_link\" rel=\"nofollow noopener\" target=\"_blank\" data-ylk=\"slk:comme celui-ci sur X;elm:context_link;itc:0;sec:content-canvas\" class=\"link \">comme celui-ci sur X<\/a>, ont \u00e9t\u00e9 vus des dizaines de milliers de fois. <a href=\"https:\/\/www.tiktok.com\/@eldjazairi92\/video\/7601676565503708418?is_from_webapp=1&amp;sender_device=pc&amp;web_id=7594498206668064278&amp;at_medium=RSS%20feed&amp;at_campaign=ynews&amp;utm_source=yahoo&amp;utm_medium=rss&amp;utm_campaign=news_feed&amp;utm_content=in_article_link\" rel=\"nofollow noopener\" target=\"_blank\" data-ylk=\"slk:Celui publi\u00e9 sur TikTok;elm:context_link;itc:0;sec:content-canvas\" class=\"link \">Celui publi\u00e9 sur TikTok<\/a> compte plus de 200.000 vues.<\/p>\n<p class=\"mb-4 text-lg md:leading-8 break-words\">Un extrait, o\u00f9 l\u2019on voit Omar Balafrej d\u00e9velopper ses propos, accompagne les publications. \u00ab\u00a0Le Maroc est un pays pauvre. Nous avons un <a href=\"https:\/\/www.20minutes.fr\/economie\/pib\/?at_medium=RSS%20feed&amp;at_campaign=ynews&amp;utm_source=yahoo&amp;utm_medium=rss&amp;utm_campaign=news_feed&amp;utm_content=in_article_link\" rel=\"nofollow noopener\" target=\"_blank\" data-ylk=\"slk:PIB;elm:context_link;itc:0;sec:content-canvas\" class=\"link \">PIB<\/a> par habitant qui est trois fois plus faible que celui de la <a href=\"https:\/\/www.20minutes.fr\/dossier\/grece?at_medium=RSS%20feed&amp;at_campaign=ynews&amp;utm_source=yahoo&amp;utm_medium=rss&amp;utm_campaign=news_feed&amp;utm_content=in_article_link\" rel=\"nofollow noopener\" target=\"_blank\" data-ylk=\"slk:Gr\u00e8ce;elm:context_link;itc:0;sec:content-canvas\" class=\"link \">Gr\u00e8ce<\/a>. Qui est une fois et demi plus faible que celui de la <a href=\"https:\/\/www.20minutes.fr\/dossier\/tunisie?at_medium=RSS%20feed&amp;at_campaign=ynews&amp;utm_source=yahoo&amp;utm_medium=rss&amp;utm_campaign=news_feed&amp;utm_content=in_article_link\" rel=\"nofollow noopener\" target=\"_blank\" data-ylk=\"slk:Tunisie;elm:context_link;itc:0;sec:content-canvas\" class=\"link \">Tunisie <\/a>ou de l\u2019<a href=\"https:\/\/www.20minutes.fr\/dossier\/algerie?at_medium=RSS%20feed&amp;at_campaign=ynews&amp;utm_source=yahoo&amp;utm_medium=rss&amp;utm_campaign=news_feed&amp;utm_content=in_article_link\" rel=\"nofollow noopener\" target=\"_blank\" data-ylk=\"slk:Alg\u00e9rie;elm:context_link;itc:0;sec:content-canvas\" class=\"link \">Alg\u00e9rie<\/a>\u00a0\u00bb. L\u2019ancien d\u00e9put\u00e9 poursuit, en pointant du doigt <a href=\"https:\/\/www.20minutes.fr\/monde\/4176774-20251002-maroc-manifestations-violences-morts-passe-pays-depuis-samedi?at_medium=RSS%20feed&amp;at_campaign=ynews&amp;utm_source=yahoo&amp;utm_medium=rss&amp;utm_campaign=news_feed&amp;utm_content=in_article_link\" rel=\"nofollow noopener\" target=\"_blank\" data-ylk=\"slk:les in\u00e9galit\u00e9s \u00ab\u00a0\u00e9normes\u00a0\u00bb dans le pays.;elm:context_link;itc:0;sec:content-canvas\" class=\"link \">les in\u00e9galit\u00e9s \u00ab\u00a0\u00e9normes\u00a0\u00bb dans le pays.<\/a> Il d\u00e9veloppe\u00a0: \u00ab\u00a0On a une toute petite minorit\u00e9 &#8211; 1\u00a0% &#8211; qui est riche. [\u2026] Et 99\u00a0% de la population est en dessous de la notion de classe moyenne\u00a0\u00bb. On v\u00e9rifie\u00a0?<\/p>\n<p>FAKE OFF<\/p>\n<p class=\"mb-4 text-lg md:leading-8 break-words\">Premier point important\u00a0: cet extrait vid\u00e9o est tir\u00e9 d\u2019<a href=\"https:\/\/youtu.be\/CV1aHajK_38?t=1579&amp;at_medium=RSS%20feed&amp;at_campaign=ynews&amp;utm_source=yahoo&amp;utm_medium=rss&amp;utm_campaign=news_feed&amp;utm_content=in_article_link\" rel=\"nofollow noopener\" target=\"_blank\" data-ylk=\"slk:une conf\u00e9rence, longue de plus de deux heures, datant de mai\u00a02018;elm:context_link;itc:0;sec:content-canvas\" class=\"link \">une conf\u00e9rence, longue de plus de deux heures, datant de mai\u00a02018<\/a>. Au moment o\u00f9 Omar Balafrej tient ces propos, et <a href=\"https:\/\/www.imf.org\/external\/datamapper\/PPPPC@WEO\/OEMDC\/ADVEC\/WEOWORLD?at_medium=RSS%20feed&amp;at_campaign=ynews&amp;utm_source=yahoo&amp;utm_medium=rss&amp;utm_campaign=news_feed&amp;utm_content=in_article_link\" rel=\"nofollow noopener\" target=\"_blank\" data-ylk=\"slk:d\u2019apr\u00e8s les donn\u00e9es du Fonds Mon\u00e9taire International (FMI);elm:context_link;itc:0;sec:content-canvas\" class=\"link \">d\u2019apr\u00e8s les donn\u00e9es du Fonds Mon\u00e9taire International (FMI)<\/a>, le PIB par habitant du Maroc en parit\u00e9 de pouvoir d\u2019achat s\u2019\u00e9levait \u00e0 8.372 dollars en\u00a02017. C\u2019\u00e9tait \u00e0 l\u2019\u00e9poque 13.483 pour l\u2019Alg\u00e9rie, et 11.404 pour la Tunisie. Le PIB par habitant du Maroc \u00e9tait respectivement 1,6 fois et 1,3 fois plus faible que ces deux pays.<\/p>\n<p class=\"mb-4 text-lg md:leading-8 break-words\">Mais est-ce toujours le cas\u00a0? Toujours selon les donn(&#8230;)<\/p>\n<p class=\"mb-4 text-lg md:leading-8 break-words\"><a href=\"https:\/\/www.20minutes.fr\/monde\/4199881-20260206-maroc-pays-pauvre-compare-algerie-tunisie-comme-peut-lire-reseaux-sociaux?at_medium=RSS%20feed&amp;at_campaign=ynews&amp;utm_source=yahoo&amp;utm_medium=rss&amp;utm_campaign=news_feed&amp;utm_content=read_more_link&quot;\" rel=\"nofollow noopener\" target=\"_blank\" data-ylk=\"slk:Lire la suite sur 20minutes;elm:context_link;itc:0;sec:content-canvas\" class=\"link \">Lire la suite sur 20minutes<\/a><\/p>\n<p>\u00c0 lire aussi :<br \/><a href=\"https:\/\/www.20minutes.fr\/societe\/4192339-20251219-immigration-pays-surs-centres-retour-comment-ue-tente-durcir-politique-migratoire?at_medium=RSS%20feed&amp;at_campaign=ynews&amp;utm_source=yahoo&amp;utm_medium=rss&amp;utm_campaign=news_feed&amp;utm_content=related_content_link\" rel=\"nofollow noopener\" target=\"_blank\" data-ylk=\"slk:Immigration\u00a0: Pays \u00ab\u00a0s\u00fbrs\u00a0\u00bb, centres de retour\u2026 Comment l\u2019UE veut durcir sa politique d\u2019accueil;elm:context_link;itc:0;sec:content-canvas\" class=\"link \">Immigration\u00a0: Pays \u00ab\u00a0s\u00fbrs\u00a0\u00bb, centres de retour\u2026 Comment l\u2019UE veut durcir sa politique d\u2019accueil <\/a><br \/><a href=\"https:\/\/www.20minutes.fr\/sport\/football\/4198015-20260126-can-2025-maroc-decide-tout-caf-accuse-president-federation-senegalaise?at_medium=RSS%20feed&amp;at_campaign=ynews&amp;utm_source=yahoo&amp;utm_medium=rss&amp;utm_campaign=news_feed&amp;utm_content=related_content_link\" rel=\"nofollow noopener\" target=\"_blank\" data-ylk=\"slk:CAN 2025\u00a0: Le Maroc \u00ab\u00a0d\u00e9cide de tout\u00a0\u00bb \u00e0 la CAF, accuse le pr\u00e9sident de la f\u00e9d\u00e9ration s\u00e9n\u00e9galaise;elm:context_link;itc:0;sec:content-canvas\" class=\"link \">CAN 2025\u00a0: Le Maroc \u00ab\u00a0d\u00e9cide de tout\u00a0\u00bb \u00e0 la CAF, accuse le pr\u00e9sident de la f\u00e9d\u00e9ration s\u00e9n\u00e9galaise<\/a><\/p>\n<p><script async src=\"\/\/www.instagram.com\/embed.js\"><\/script><script async src=\"\/\/www.tiktok.com\/embed.js\"><\/script><\/p>\n","protected":false},"excerpt":{"rendered":"FAKE OFF &#8211; Reprenant des propos d\u2019un ancien d\u00e9put\u00e9 marocain, plusieurs internautes affirment que \u00ab\u00a0le Maroc est un&hellip;\n","protected":false},"author":2,"featured_media":67250,"comment_status":"","ping_status":"","sticky":false,"template":"","format":"standard","meta":{"footnotes":""},"categories":[40],"tags":[158,38792,38793,1264],"class_list":{"0":"post-67249","1":"post","2":"type-post","3":"status-publish","4":"format-standard","5":"has-post-thumbnail","7":"category-morocco","8":"tag-maroc","9":"tag-omar-balafrej","10":"tag-pays-pauvre","11":"tag-pib"},"share_on_mastodon":{"url":"https:\/\/pubeurope.com\/@africa\/116023312375176386","error":""},"_links":{"self":[{"href":"https:\/\/www.europesays.com\/africa\/wp-json\/wp\/v2\/posts\/67249","targetHints":{"allow":["GET"]}}],"collection":[{"href":"https:\/\/www.europesays.com\/africa\/wp-json\/wp\/v2\/posts"}],"about":[{"href":"https:\/\/www.europesays.com\/africa\/wp-json\/wp\/v2\/types\/post"}],"author":[{"embeddable":true,"href":"https:\/\/www.europesays.com\/africa\/wp-json\/wp\/v2\/users\/2"}],"replies":[{"embeddable":true,"href":"https:\/\/www.europesays.com\/africa\/wp-json\/wp\/v2\/comments?post=67249"}],"version-history":[{"count":0,"href":"https:\/\/www.europesays.com\/africa\/wp-json\/wp\/v2\/posts\/67249\/revisions"}],"wp:featuredmedia":[{"embeddable":true,"href":"https:\/\/www.europesays.com\/africa\/wp-json\/wp\/v2\/media\/67250"}],"wp:attachment":[{"href":"https:\/\/www.europesays.com\/africa\/wp-json\/wp\/v2\/media?parent=67249"}],"wp:term":[{"taxonomy":"category","embeddable":true,"href":"https:\/\/www.europesays.com\/africa\/wp-json\/wp\/v2\/categories?post=67249"},{"taxonomy":"post_tag","embeddable":true,"href":"https:\/\/www.europesays.com\/africa\/wp-json\/wp\/v2\/tags?post=67249"}],"curies":[{"name":"wp","href":"https:\/\/api.w.org\/{rel}","templated":true}]}}