{"id":674,"date":"2026-01-03T16:06:12","date_gmt":"2026-01-03T16:06:12","guid":{"rendered":"https:\/\/www.europesays.com\/africa\/674\/"},"modified":"2026-01-03T16:06:12","modified_gmt":"2026-01-03T16:06:12","slug":"soudan-les-compositions-officielles","status":"publish","type":"post","link":"https:\/\/www.europesays.com\/africa\/674\/","title":{"rendered":"Soudan : les compositions officielles"},"content":{"rendered":"<p>Premier du groupe D \u00e0 l&#8217;issue d&#8217;un duel \u00e9pique avec la R\u00e9publique D\u00e9mocratique du Congo, le S\u00e9n\u00e9gal partira largement favori de son huiti\u00e8me de finale face au Soudan. Qualifi\u00e9s en faisant partie des meilleurs troisi\u00e8mes, les Soudanais r\u00eavent d&#8217;un exploit monumental face aux Lions de la T\u00e9ranga, eux qui n&#8217;avaient d\u00e9j\u00e0 plus atteint la phase \u00e0 \u00e9limination directe depuis 1970, ann\u00e9e de leur sacre.<\/p>\n<p>Les hommes de Pape Thiaw sont pr\u00e9venus : il ne faudra pas prendre l&#8217;adversaire \u00e0 la l\u00e9g\u00e8re, eux qui ont bien \u00e9videmment pour objectif ultime de soulever le troph\u00e9e le 18 janvier prochain et de reprendre leur bien, eux qui avaient \u00e9t\u00e9 \u00e9limin\u00e9s \u00e0 ce stade de la comp\u00e9tition il y a deux ans par la C\u00f4te d&#8217;Ivoire, laissant ainsi leur titre acquis en 2023. D\u00e9couvrez les compositions officielles des deux \u00e9quipes.<\/p>\n<p>Les compos<\/p>\n<p>S\u00e9n\u00e9gal : Mendy &#8211; Diatta, Seck, Niakhat\u00e9, Jakobs &#8211; I. Gueye, P. Gueye, Diarra &#8211; Sarr, Jackson, Man\u00e9<\/p>\n<p>Soudan : Monged &#8211; Khamis, Arng, Karshom, Barglan &#8211; Abu Agla, Taifour, Eldin &#8211; Abdelrahman, Amir, Eisa<\/p>\n<p>\u00a0<\/p>\n<p>   Partagez cette info avec vos amis et vos proches en cliquant ici<br \/> Pour r\u00e9sumer<\/p>\n<p>Le S\u00e9n\u00e9gal, leader du groupe D apr\u00e8s une victoire \u00e9pique contre la RDC, part favori face au Soudan en huiti\u00e8me de finale. Ces derniers, qualifi\u00e9s comme l&#8217;un des meilleurs troisi\u00e8mes, r\u00eavent d&#8217;un exploit. Le S\u00e9n\u00e9gal vise le titre apr\u00e8s une \u00e9limination frustrante en 2024.<\/p>\n<p>R\u00e9dacteur<\/p>\n<p><img decoding=\"async\" width=\"76\" height=\"76\" loading=\"lazy\" src=\"https:\/\/www.europesays.com\/africa\/wp-content\/uploads\/2026\/01\/avatar-onze.webp.webp\" alt=\"Nathan Bricout\"\/><\/p>\n","protected":false},"excerpt":{"rendered":"Premier du groupe D \u00e0 l&#8217;issue d&#8217;un duel \u00e9pique avec la R\u00e9publique D\u00e9mocratique du Congo, le S\u00e9n\u00e9gal partira&hellip;\n","protected":false},"author":2,"featured_media":675,"comment_status":"","ping_status":"","sticky":false,"template":"","format":"standard","meta":{"footnotes":""},"categories":[48],"tags":[360,159],"class_list":{"0":"post-674","1":"post","2":"type-post","3":"status-publish","4":"format-standard","5":"has-post-thumbnail","7":"category-senegal","8":"tag-can","9":"tag-senegal"},"share_on_mastodon":{"url":"","error":""},"_links":{"self":[{"href":"https:\/\/www.europesays.com\/africa\/wp-json\/wp\/v2\/posts\/674","targetHints":{"allow":["GET"]}}],"collection":[{"href":"https:\/\/www.europesays.com\/africa\/wp-json\/wp\/v2\/posts"}],"about":[{"href":"https:\/\/www.europesays.com\/africa\/wp-json\/wp\/v2\/types\/post"}],"author":[{"embeddable":true,"href":"https:\/\/www.europesays.com\/africa\/wp-json\/wp\/v2\/users\/2"}],"replies":[{"embeddable":true,"href":"https:\/\/www.europesays.com\/africa\/wp-json\/wp\/v2\/comments?post=674"}],"version-history":[{"count":0,"href":"https:\/\/www.europesays.com\/africa\/wp-json\/wp\/v2\/posts\/674\/revisions"}],"wp:featuredmedia":[{"embeddable":true,"href":"https:\/\/www.europesays.com\/africa\/wp-json\/wp\/v2\/media\/675"}],"wp:attachment":[{"href":"https:\/\/www.europesays.com\/africa\/wp-json\/wp\/v2\/media?parent=674"}],"wp:term":[{"taxonomy":"category","embeddable":true,"href":"https:\/\/www.europesays.com\/africa\/wp-json\/wp\/v2\/categories?post=674"},{"taxonomy":"post_tag","embeddable":true,"href":"https:\/\/www.europesays.com\/africa\/wp-json\/wp\/v2\/tags?post=674"}],"curies":[{"name":"wp","href":"https:\/\/api.w.org\/{rel}","templated":true}]}}