{"id":6747,"date":"2026-01-06T08:36:08","date_gmt":"2026-01-06T08:36:08","guid":{"rendered":"https:\/\/www.europesays.com\/africa\/6747\/"},"modified":"2026-01-06T08:36:08","modified_gmt":"2026-01-06T08:36:08","slug":"algerie-rd-congo-qui-est-mohamed-maarouf-larbitre-egyptien-qui-dirigera-le-choc-des-huitiemes-de-finale-de-la-can","status":"publish","type":"post","link":"https:\/\/www.europesays.com\/africa\/6747\/","title":{"rendered":"Alg\u00e9rie-RD Congo\u00a0: qui est Mohamed Maarouf, l\u2019arbitre \u00e9gyptien qui dirigera le choc des huiti\u00e8mes de finale de la CAN\u00a0?"},"content":{"rendered":"<p class=\"paragraph text_align_left lp-f-body-02\">M\u00eame sans arbitrer un match de l\u2019\u00e9quipe \u00e0 domicile, Mohamed Maarouf sera sous pression, ce mardi. L\u2019arbitre \u00e9gyptien sera aux commandes de l\u2019un des &#8211; si ce n\u2019est le &#8211; choc de ces huiti\u00e8mes de finale de la <a href=\"https:\/\/www.leparisien.fr\/sports\/football\/coupe-d-afrique-des-nations\/\" target=\"_self\" rel=\"nofollow noopener\">Coupe d\u2019Afrique des nations 2025<\/a>. L\u2019officiel de 39 ans a \u00e9t\u00e9 d\u00e9sign\u00e9 par la CAF pour diriger la rencontre entre l\u2019<a href=\"https:\/\/www.leparisien.fr\/sports\/football\/algerie\/\" target=\"_blank\" rel=\"noreferrer nofollow noopener\">Alg\u00e9rie<\/a> et la R\u00e9publique d\u00e9mocratique du Congo. Il sera \u00e9paul\u00e9 par ses compatriotes Mahmoud Abou El-Regal et Ahmed Hossam Taha le long des lignes de touche, Ameen Omar en tant que quatri\u00e8me arbitre et Mahmoud Achour \u00e0 la VAR.<\/p>\n<p class=\"\">Maarouf a d\u00e9j\u00e0 offici\u00e9 lors de cette CAN. Il avait \u00e9t\u00e9 au sifflet de <a href=\"https:\/\/www.leparisien.fr\/sports\/football\/coupe-d-afrique-des-nations\/burkina-faso-guinee-equatoriale-2-1-les-burkinabes-renversent-le-match-en-trois-minutes-dans-les-arrets-de-jeu-24-12-2025-V326QRFOEFBYFKHXY5HCASKOGQ.php\" target=\"_blank\" rel=\"nofollow noopener\">la victoire du Burkina Faso contre la Guin\u00e9e \u00e9quatoriale<\/a> en phase de groupes (2-1). Un match marqu\u00e9 par trois buts apr\u00e8s la 80e minute et un carton rouge. L\u2019\u00c9gyptien est coutumier des matchs \u00e0 enjeux : cette saison, il a par exemple op\u00e9r\u00e9 lors de deux rencontres de Ligue des champions africaine.<\/p>\n<p>Deux matchs de l\u2019Alg\u00e9rie<\/p>\n<p class=\"\">Arbitre FIFA depuis 2014, il a d\u00e9j\u00e0 dirig\u00e9 deux rencontres des Fennecs au cours de sa carri\u00e8re. Le bilan est mitig\u00e9 pour les Alg\u00e9riens, qui s\u2019\u00e9taient inclin\u00e9s face au Cap-Vert lors de la premi\u00e8re en 2018 (3-2), mais s\u2019\u00e9taient impos\u00e9s plus r\u00e9cemment en Tunisie (2-0) en 2021 malgr\u00e9 sept cartons jaunes et une expulsion.<\/p>\n<p class=\"\">L\u2019\u00c9gyptien n\u2019a toutefois pas fait que des heureux lorsqu\u2019il a arbitr\u00e9. En 2022, la f\u00e9d\u00e9ration du Burundi avait d\u00e9pos\u00e9 plainte contre lui au sortir d\u2019une d\u00e9faite contre le S\u00e9n\u00e9gal (1-0). Les Burundais avaient \u00e9galement adress\u00e9 un courrier au secr\u00e9taire g\u00e9n\u00e9ral de la CAF pour contester le p\u00e9nalty siffl\u00e9 pour les S\u00e9n\u00e9galais \u00e0 l\u2019\u00e9poque. \u00ab La FFB estime que l\u2019arbitre a fauss\u00e9 d\u00e9lib\u00e9r\u00e9ment le r\u00e9sultat du match car il \u00e9tait \u00e0 moins de cinq m\u00e8tres de l\u2019action \u00bb, avait \u00e9crit l\u2019organisation.<\/p>\n","protected":false},"excerpt":{"rendered":"M\u00eame sans arbitrer un match de l\u2019\u00e9quipe \u00e0 domicile, Mohamed Maarouf sera sous pression, ce mardi. L\u2019arbitre \u00e9gyptien&hellip;\n","protected":false},"author":2,"featured_media":6748,"comment_status":"","ping_status":"","sticky":false,"template":"","format":"standard","meta":{"footnotes":""},"categories":[254],"tags":[255,360,311,264],"class_list":{"0":"post-6747","1":"post","2":"type-post","3":"status-publish","4":"format-standard","5":"has-post-thumbnail","7":"category-algerie","8":"tag-algerie","9":"tag-can","10":"tag-football","11":"tag-sports"},"share_on_mastodon":{"url":"","error":""},"_links":{"self":[{"href":"https:\/\/www.europesays.com\/africa\/wp-json\/wp\/v2\/posts\/6747","targetHints":{"allow":["GET"]}}],"collection":[{"href":"https:\/\/www.europesays.com\/africa\/wp-json\/wp\/v2\/posts"}],"about":[{"href":"https:\/\/www.europesays.com\/africa\/wp-json\/wp\/v2\/types\/post"}],"author":[{"embeddable":true,"href":"https:\/\/www.europesays.com\/africa\/wp-json\/wp\/v2\/users\/2"}],"replies":[{"embeddable":true,"href":"https:\/\/www.europesays.com\/africa\/wp-json\/wp\/v2\/comments?post=6747"}],"version-history":[{"count":0,"href":"https:\/\/www.europesays.com\/africa\/wp-json\/wp\/v2\/posts\/6747\/revisions"}],"wp:featuredmedia":[{"embeddable":true,"href":"https:\/\/www.europesays.com\/africa\/wp-json\/wp\/v2\/media\/6748"}],"wp:attachment":[{"href":"https:\/\/www.europesays.com\/africa\/wp-json\/wp\/v2\/media?parent=6747"}],"wp:term":[{"taxonomy":"category","embeddable":true,"href":"https:\/\/www.europesays.com\/africa\/wp-json\/wp\/v2\/categories?post=6747"},{"taxonomy":"post_tag","embeddable":true,"href":"https:\/\/www.europesays.com\/africa\/wp-json\/wp\/v2\/tags?post=6747"}],"curies":[{"name":"wp","href":"https:\/\/api.w.org\/{rel}","templated":true}]}}