{"id":6813,"date":"2026-01-06T09:19:09","date_gmt":"2026-01-06T09:19:09","guid":{"rendered":"https:\/\/www.europesays.com\/africa\/6813\/"},"modified":"2026-01-06T09:19:09","modified_gmt":"2026-01-06T09:19:09","slug":"algerie-rd-congo-les-compositions-probables-du-choc-des-8es-de-finale-de-la-can-avec-mahrez-et-maza-titulaires","status":"publish","type":"post","link":"https:\/\/www.europesays.com\/africa\/6813\/","title":{"rendered":"Alg\u00e9rie &#8211; RD Congo\u00a0: les compositions probables du choc des 8es de finale de la CAN avec Mahrez et Maza titulaires"},"content":{"rendered":"<p class=\"paragraph text_align_left lp-f-body-02\">C\u2019est le choc des <a href=\"https:\/\/www.leparisien.fr\/sports\/football\/coupe-d-afrique-des-nations\/can-2025-le-tableau-complet-des-matchs-des-8es-de-finale-avec-les-dates-et-les-horaires-31-12-2025-DB6EECEXRZGPPDCW5HGFLYBG2M.php\" target=\"_blank\" rel=\"nofollow noopener\">8es de finale de la CAN 2025<\/a>. <a href=\"https:\/\/www.leparisien.fr\/sports\/football\/coupe-d-afrique-des-nations\/can-2025-on-connait-ladversaire-de-lalgerie-en-8es-de-finale-30-12-2025-RPZD5KYCS5AYROMYIOSAVYP624.php\" target=\"_self\" rel=\"nofollow noopener\">L\u2019Alg\u00e9rie d\u00e9fie la R\u00e9publique d\u00e9mocratique du Congo<\/a> ce mardi au s<a href=\"https:\/\/www.leparisien.fr\/sports\/football\/coupe-d-afrique-des-nations\/can-2025-rabat-tanger-casablanca-la-liste-complete-des-stades-de-la-competition-21-12-2025-YGODZLPOCVAM7IVGX6HS2S5JTY.php\" target=\"_self\" rel=\"nofollow noopener\">tade Moulay El Hassan de Rabat<\/a> \u00e0 l\u2019occasion du choc le plus all\u00e9chant depuis le d\u00e9but de la comp\u00e9tition continentale, mais \u00e9galement le plus ind\u00e9cis.<\/p>\n<p class=\"\">D\u2019un c\u00f4t\u00e9, <a href=\"https:\/\/www.leparisien.fr\/sports\/football\/coupe-d-afrique-des-nations\/algerie-burkina-faso-1-0-devant-zinedine-zidane-les-fennecs-assurent-lessentiel-et-retrouvent-les-huitiemes-de-la-can-28-12-2025-CQDYNZ4MBVC2FPABU5LV64PGXE.php\" target=\"_self\" rel=\"nofollow noopener\">les Fennecs sortent d\u2019une phase de poules presque parfaite<\/a>. Seule nation &#8211; avec <a href=\"https:\/\/www.leparisien.fr\/sports\/football\/coupe-d-afrique-des-nations\/nigeria-mozambique-4-0-victor-osimhen-et-les-super-eagles-en-demonstration-pour-voler-vers-les-quarts-de-la-can-05-01-2026-NTZMFJZU3JF3BKKXE6YXQ3ECQQ.php\" target=\"_self\" rel=\"nofollow noopener\">le Nigeria<\/a> &#8211; ayant d\u00e9croch\u00e9 trois victoires sur trois, l\u2019Alg\u00e9rie a trouv\u00e9 de nouvelles certitudes collectives et tactiques sous la houlette <a href=\"https:\/\/www.leparisien.fr\/sports\/football\/coupe-d-afrique-des-nations\/lentraineur-le-plus-soutenu-par-les-medias-de-lhistoire-de-lalgerie-comment-petkovic-dribble-les-critiques-28-12-2025-FFTD6ZNWUBH5PDL5H2JXANBWGI.php\" target=\"_self\" rel=\"nofollow noopener\">du s\u00e9lectionneur Vladimir Petkovic<\/a>, tr\u00e8s critiqu\u00e9 au pays avant le d\u00e9but du tournoi et qui semble en passe de retourner l\u2019opinion publique. Du point de vue des individualit\u00e9s, les Verts peuvent compter sur un Riyad Mahrez \u00e0 l\u2019efficacit\u00e9 retrouv\u00e9e (3 buts) et <a href=\"https:\/\/www.leparisien.fr\/sports\/football\/coupe-d-afrique-des-nations\/can-2025-cest-du-serieux-vraiment-qui-est-ibrahim-maza-la-revelation-de-lalgerie-qui-a-dit-non-a-lallemagne-01-01-2026-T3GX7PWI6RH4BIDZZNPN32AJKU.php\" target=\"_self\" rel=\"nofollow noopener\">l\u2019\u00e9mergence d\u2019Ibrahim Maza, v\u00e9ritable r\u00e9v\u00e9lation de la CAN.<\/a><\/p>\n<p class=\"\">Cependant, quelques ombres au tableau sont tout de m\u00eame \u00e0 d\u00e9plorer. Ce lundi, en conf\u00e9rence de presse, <a href=\"https:\/\/www.leparisien.fr\/sports\/football\/coupe-d-afrique-des-nations\/can-2025-jaouen-hadjam-forfait-pour-la-fin-de-la-competition-coup-dur-pour-lalgerie-05-01-2026-VATHQMHKPFDEFHBOUEIIV56PVQ.php\" target=\"_self\" rel=\"nofollow noopener\">le forfait de Jaouen Hadjam a \u00e9t\u00e9 act\u00e9 par le staff alg\u00e9rien<\/a>. Le d\u00e9fenseur des Young Boys de Berne a \u00e9t\u00e9 remis \u00e0 la disposition de son club, laissant une interrogation au poste de lat\u00e9ral gauche, puisque Rayan A\u00eft-Nouri, l\u2019habituel titulaire, a \u00e9t\u00e9 diminu\u00e9 par une forte grippe ces derniers jours. Il a cependant repris l\u2019entra\u00eenement hier et devrait \u00eatre en mesure de tenir sa place.<\/p>\n<p>Mahrez de retour, Hadj Moussa rempla\u00e7ant<\/p>\n<p class=\"\">Dans le secteur offensif, <a href=\"https:\/\/www.leparisien.fr\/sports\/football\/coupe-d-afrique-des-nations\/algerie-soudan-3-0-riyad-mahrez-porte-les-fennecs-et-entre-dans-lhistoire-24-12-2025-K7Y5BMGOPBC7RCMYOUO6HKX2AQ.php\" target=\"_self\" rel=\"nofollow noopener\">Riyad Mahrez<\/a> et Mohammed Amoura devraient faire leur retour dans le onze pour accompagner Maza apr\u00e8s avoir \u00e9t\u00e9 pr\u00e9serv\u00e9s contre la Guin\u00e9e \u00e9quatoriale mercredi dernier. Malgr\u00e9 son excellente performance, Anis Hadj Moussa est annonc\u00e9 rempla\u00e7ant.<\/p>\n<p class=\"\">Quant au syst\u00e8me de jeu, l\u2019Alg\u00e9rie devrait \u00e0 nouveau \u00e9voluer en 4-2-3-1, m\u00eame si un recours au syst\u00e8me hybride aper\u00e7u en d\u00e9but du match contre le Burkina Faso n\u2019est pas \u00e0 exclure.<\/p>\n<p>Les compositions probables d\u2019Alg\u00e9rie &#8211; RD Congo<\/p>\n<p class=\"\">Alg\u00e9rie : Zidane &#8211; Belghali, Mandi, Benseba\u00efni, A\u00eft-Nouri &#8211; Boudaoui, Bennacer &#8211; Mahrez (cap.), Maza, Amoura &#8211; Bounedjah<\/p>\n<p class=\"\">RD Congo : Mpasi &#8211; Wan-Bissaka, Mbemba (cap.), Tuanzebe, Masuaku &#8211; Moutoussamy, Mukau, Sadiki &#8211; Bongonda, Bakambu, Mbuku<\/p>\n<p class=\"\">C\u00f4t\u00e9 congolais, apr\u00e8s la large rotation effectu\u00e9e <a href=\"https:\/\/www.leparisien.fr\/sports\/football\/coupe-d-afrique-des-nations\/benin-senegal-0-3-les-lions-de-la-teranga-en-imposent-et-evitent-lalgerie-en-8es-de-la-can-30-12-2025-FKJWXH7PM5HBHKKXLZOYTHSOPM.php\" target=\"_self\" rel=\"nofollow noopener\">lors du dernier match de poules contre le Botswana (3-0)<\/a>, S\u00e9bastien Desabre devrait sans surprise aligner de nouveau son \u00e9quipe-type. Les retours d\u2019Aaron Wan-Bissaka et d\u2019Axel Tuanzebe sont attendus dans l\u2019arri\u00e8re-garde, tout comme ceux de Noah Sadiki et de C\u00e9dric Bakambu offensivement.<\/p>\n<p class=\"\">En revanche, des incertitudes existent concernant le couloir gauche : victime d\u2019une petite entorse \u00e0 une cheville contre le S\u00e9n\u00e9gal, Arthur Masuaku pourrait faire son retour dans le onze. S\u2019il n\u2019est pas totalement r\u00e9tabli, Joris Kayembe le remplacera probablement et aura la lourde t\u00e2che de contenir les assauts de Mahrez. Offensivement, la place d\u2019ailier se jouera entre Nathana\u00ebl Mbuku et Meschack Elia, qui se sont partag\u00e9 le poste durant le premier tour.<\/p>\n","protected":false},"excerpt":{"rendered":"C\u2019est le choc des 8es de finale de la CAN 2025. L\u2019Alg\u00e9rie d\u00e9fie la R\u00e9publique d\u00e9mocratique du Congo&hellip;\n","protected":false},"author":2,"featured_media":6814,"comment_status":"","ping_status":"","sticky":false,"template":"","format":"standard","meta":{"footnotes":""},"categories":[254],"tags":[255,360,311,264],"class_list":{"0":"post-6813","1":"post","2":"type-post","3":"status-publish","4":"format-standard","5":"has-post-thumbnail","7":"category-algerie","8":"tag-algerie","9":"tag-can","10":"tag-football","11":"tag-sports"},"share_on_mastodon":{"url":"","error":""},"_links":{"self":[{"href":"https:\/\/www.europesays.com\/africa\/wp-json\/wp\/v2\/posts\/6813","targetHints":{"allow":["GET"]}}],"collection":[{"href":"https:\/\/www.europesays.com\/africa\/wp-json\/wp\/v2\/posts"}],"about":[{"href":"https:\/\/www.europesays.com\/africa\/wp-json\/wp\/v2\/types\/post"}],"author":[{"embeddable":true,"href":"https:\/\/www.europesays.com\/africa\/wp-json\/wp\/v2\/users\/2"}],"replies":[{"embeddable":true,"href":"https:\/\/www.europesays.com\/africa\/wp-json\/wp\/v2\/comments?post=6813"}],"version-history":[{"count":0,"href":"https:\/\/www.europesays.com\/africa\/wp-json\/wp\/v2\/posts\/6813\/revisions"}],"wp:featuredmedia":[{"embeddable":true,"href":"https:\/\/www.europesays.com\/africa\/wp-json\/wp\/v2\/media\/6814"}],"wp:attachment":[{"href":"https:\/\/www.europesays.com\/africa\/wp-json\/wp\/v2\/media?parent=6813"}],"wp:term":[{"taxonomy":"category","embeddable":true,"href":"https:\/\/www.europesays.com\/africa\/wp-json\/wp\/v2\/categories?post=6813"},{"taxonomy":"post_tag","embeddable":true,"href":"https:\/\/www.europesays.com\/africa\/wp-json\/wp\/v2\/tags?post=6813"}],"curies":[{"name":"wp","href":"https:\/\/api.w.org\/{rel}","templated":true}]}}