{"id":6815,"date":"2026-01-06T09:20:07","date_gmt":"2026-01-06T09:20:07","guid":{"rendered":"https:\/\/www.europesays.com\/africa\/6815\/"},"modified":"2026-01-06T09:20:07","modified_gmt":"2026-01-06T09:20:07","slug":"la-verite-eclate-dans-la-mort-de-baye-cheikh-a-liberte-5","status":"publish","type":"post","link":"https:\/\/www.europesays.com\/africa\/6815\/","title":{"rendered":"La v\u00e9rit\u00e9 \u00e9clate dans la mort de Baye Cheikh \u00e0 Libert\u00e9 5"},"content":{"rendered":"<p>La c\u00e9l\u00e9bration du passage \u00e0 la nouvelle ann\u00e9e a vir\u00e9 au drame dans la nuit du 31 d\u00e9cembre au 1\u1d49\u02b3 janvier, dans un appartement meubl\u00e9 situ\u00e9 \u00e0 la Sicap Libert\u00e9 5, \u00e0 Dakar. Un jeune homme r\u00e9pondant au pr\u00e9nom de Baye Cheikh y a perdu la vie, apr\u00e8s un malaise survenu au cours d\u2019une soir\u00e9e priv\u00e9e r\u00e9unissant plusieurs de ses amis. \u00c0 la suite de ce d\u00e9c\u00e8s, sept personnes ont \u00e9t\u00e9 interpell\u00e9es par les services de police pour d\u00e9tention et usage collectif de substances illicites, ainsi que pour non-assistance \u00e0 personne en danger.            <\/p>\n<p class=\"pread\" style=\"background: #fff6d3;font-size:17px !important;padding:0px 0 16px 0;border:none;font-family:'source-sans-pro' !important;color:#444 !important;\">\n<p>La suite est r\u00e9serv\u00e9e \u00e0 nos abonn\u00e9s.<br \/>D\u00e9j\u00e0 abonn\u00e9 ? <a href=\"https:\/\/www.senenews.com\/login?redirect_to=https:\/\/www.senenews.com\/premium\/soiree-sous-drogue-la-verite-eclate-dans-la-mort-de-baye-cheikh-a-liberte-5_571657.html\" style=\"text-decoration: underline !important;font-weight: bold;\" rel=\"nofollow noopener\" target=\"_blank\">Se connecter<\/a><\/p>\n<p>Profitez de 3 mois offerts<br \/>et acc\u00e9dez \u00e0 tous nos contenus<br \/>sans aucune publicit\u00e9<\/p>\n<p style=\"text-align:center;font-size:14px;font-family:'source-sans-pro'\">\n<a href=\"https:\/\/www.senenews.com\/rejoignez-senenews-premium-pour-soutenir-une-redaction-libre-et-independante\" style=\"text-decoration:none!important;border-bottom:1px solid\" rel=\"nofollow noopener\" target=\"_blank\">Pourquoi vous devez soutenir l\u2019initiative Senenews Premium?<\/a><\/p>\n","protected":false},"excerpt":{"rendered":"La c\u00e9l\u00e9bration du passage \u00e0 la nouvelle ann\u00e9e a vir\u00e9 au drame dans la nuit du 31 d\u00e9cembre&hellip;\n","protected":false},"author":2,"featured_media":6816,"comment_status":"","ping_status":"","sticky":false,"template":"","format":"standard","meta":{"footnotes":""},"categories":[48],"tags":[161,4922,159,163,239],"class_list":{"0":"post-6815","1":"post","2":"type-post","3":"status-publish","4":"format-standard","5":"has-post-thumbnail","7":"category-senegal","8":"tag-articles-premium","9":"tag-baye-cheikh","10":"tag-senegal","11":"tag-senegal-actualites","12":"tag-societe"},"share_on_mastodon":{"url":"","error":""},"_links":{"self":[{"href":"https:\/\/www.europesays.com\/africa\/wp-json\/wp\/v2\/posts\/6815","targetHints":{"allow":["GET"]}}],"collection":[{"href":"https:\/\/www.europesays.com\/africa\/wp-json\/wp\/v2\/posts"}],"about":[{"href":"https:\/\/www.europesays.com\/africa\/wp-json\/wp\/v2\/types\/post"}],"author":[{"embeddable":true,"href":"https:\/\/www.europesays.com\/africa\/wp-json\/wp\/v2\/users\/2"}],"replies":[{"embeddable":true,"href":"https:\/\/www.europesays.com\/africa\/wp-json\/wp\/v2\/comments?post=6815"}],"version-history":[{"count":0,"href":"https:\/\/www.europesays.com\/africa\/wp-json\/wp\/v2\/posts\/6815\/revisions"}],"wp:featuredmedia":[{"embeddable":true,"href":"https:\/\/www.europesays.com\/africa\/wp-json\/wp\/v2\/media\/6816"}],"wp:attachment":[{"href":"https:\/\/www.europesays.com\/africa\/wp-json\/wp\/v2\/media?parent=6815"}],"wp:term":[{"taxonomy":"category","embeddable":true,"href":"https:\/\/www.europesays.com\/africa\/wp-json\/wp\/v2\/categories?post=6815"},{"taxonomy":"post_tag","embeddable":true,"href":"https:\/\/www.europesays.com\/africa\/wp-json\/wp\/v2\/tags?post=6815"}],"curies":[{"name":"wp","href":"https:\/\/api.w.org\/{rel}","templated":true}]}}