{"id":6857,"date":"2026-01-06T09:45:06","date_gmt":"2026-01-06T09:45:06","guid":{"rendered":"https:\/\/www.europesays.com\/africa\/6857\/"},"modified":"2026-01-06T09:45:06","modified_gmt":"2026-01-06T09:45:06","slug":"lafrique-du-sud-leve-35-milliards-usd-sur-les-marches-obligataires-internationaux","status":"publish","type":"post","link":"https:\/\/www.europesays.com\/africa\/6857\/","title":{"rendered":"L\u2019Afrique du Sud l\u00e8ve 3,5 milliards USD sur les march\u00e9s obligataires internationaux"},"content":{"rendered":"<p>L\u2019Afrique du Sud a lev\u00e9 3,5 milliards USD sur les march\u00e9s obligataires internationaux \u00e0 travers une \u00e9mission en deux tranches, selon un avis post-stabilisation publi\u00e9 ce lundi 5 janvier \u00e0 la Bourse de Londres. L\u2019op\u00e9ration a \u00e9t\u00e9 structur\u00e9e autour d\u2019une tranche de 1,75 milliard\u00a0USD\u00a0d\u2019obligations \u00e0 12 ans, arrivant \u00e0 \u00e9ch\u00e9ance en 2037, assorties d\u2019un coupon\u2026&#8230; <\/p>\n<p>Ce contenu est r\u00e9serv\u00e9 aux membres du niveau Premium, Semestriel, Trimestriel, Mensuel, Hebdomadaire, Un jour, et T\u00e9l\u00e9charger un MAGAZINE (PDF) uniquement.<br \/><a href=\"https:\/\/www.financialafrik.com\/compte-dadherent\/niveaux-dadhesion\/\" rel=\"nofollow noopener\" target=\"_blank\">Adh\u00e9rer<\/a><\/p>\n","protected":false},"excerpt":{"rendered":"L\u2019Afrique du Sud a lev\u00e9 3,5 milliards USD sur les march\u00e9s obligataires internationaux \u00e0 travers une \u00e9mission en&hellip;\n","protected":false},"author":2,"featured_media":6858,"comment_status":"","ping_status":"","sticky":false,"template":"","format":"standard","meta":{"footnotes":""},"categories":[62],"tags":[64,356,4971,4972,4973],"class_list":{"0":"post-6857","1":"post","2":"type-post","3":"status-publish","4":"format-standard","5":"has-post-thumbnail","7":"category-afrique","8":"tag-afrique","9":"tag-afrique-du-sud","10":"tag-alerte","11":"tag-deutsche-bank","12":"tag-nedbank-limited"},"share_on_mastodon":{"url":"","error":""},"_links":{"self":[{"href":"https:\/\/www.europesays.com\/africa\/wp-json\/wp\/v2\/posts\/6857","targetHints":{"allow":["GET"]}}],"collection":[{"href":"https:\/\/www.europesays.com\/africa\/wp-json\/wp\/v2\/posts"}],"about":[{"href":"https:\/\/www.europesays.com\/africa\/wp-json\/wp\/v2\/types\/post"}],"author":[{"embeddable":true,"href":"https:\/\/www.europesays.com\/africa\/wp-json\/wp\/v2\/users\/2"}],"replies":[{"embeddable":true,"href":"https:\/\/www.europesays.com\/africa\/wp-json\/wp\/v2\/comments?post=6857"}],"version-history":[{"count":0,"href":"https:\/\/www.europesays.com\/africa\/wp-json\/wp\/v2\/posts\/6857\/revisions"}],"wp:featuredmedia":[{"embeddable":true,"href":"https:\/\/www.europesays.com\/africa\/wp-json\/wp\/v2\/media\/6858"}],"wp:attachment":[{"href":"https:\/\/www.europesays.com\/africa\/wp-json\/wp\/v2\/media?parent=6857"}],"wp:term":[{"taxonomy":"category","embeddable":true,"href":"https:\/\/www.europesays.com\/africa\/wp-json\/wp\/v2\/categories?post=6857"},{"taxonomy":"post_tag","embeddable":true,"href":"https:\/\/www.europesays.com\/africa\/wp-json\/wp\/v2\/tags?post=6857"}],"curies":[{"name":"wp","href":"https:\/\/api.w.org\/{rel}","templated":true}]}}