{"id":6864,"date":"2026-01-06T09:49:23","date_gmt":"2026-01-06T09:49:23","guid":{"rendered":"https:\/\/www.europesays.com\/africa\/6864\/"},"modified":"2026-01-06T09:49:23","modified_gmt":"2026-01-06T09:49:23","slug":"le-maroc-atteint-le-seuil-de-pres-de-20-millions-de-touristes-en-2025","status":"publish","type":"post","link":"https:\/\/www.europesays.com\/africa\/6864\/","title":{"rendered":"Le Maroc atteint le seuil de pr\u00e8s de 20 millions de touristes en 2025"},"content":{"rendered":"<p>Le Maroc a enregistr\u00e9 19,8 millions d\u2019arriv\u00e9es touristiques en 2025, soit une progression de 14 % par rapport \u00e0 2024, selon le minist\u00e8re du Tourisme, de l\u2019Artisanat et de l\u2019\u00c9conomie sociale et solidaire.<\/p>\n<p>\u00a0<\/p>\n<p>Ainsi, pour la premi\u00e8re fois, le Royaume se rapproche du seuil de 20 millions de touristes, confirmant une trajectoire solide et marquant un nouveau cap dans l\u2019\u00e9volution du secteur. Cette performance historique traduit les r\u00e9sultats concrets de la Feuille de route du tourisme 2023-2026, ax\u00e9e sur le renforcement de la connectivit\u00e9 a\u00e9rienne, la structuration des capacit\u00e9s d\u2019h\u00e9bergement, la diversification de l\u2019offre, l\u2019am\u00e9lioration de la qualit\u00e9 des services, ainsi que la stimulation de l\u2019investissement territorial, explique la m\u00eame source.<\/p>\n<p>Parall\u00e8lement, cette dynamique s\u2019est accompagn\u00e9e de recettes touristiques records, atteignant 124 milliards de dirhams \u00e0 fin novembre 2025, soit une hausse de 19 % par rapport \u00e0 2024, confirmant le r\u00f4le du tourisme comme moteur de croissance \u00e9conomique \u00e0 l\u2019\u00e9chelle territoriale.<\/p>\n<p>\u00ab L\u2019accueil de pr\u00e8s de 20 millions de touristes en 2025 refl\u00e8te la transformation profonde du tourisme marocain, port\u00e9e par la vision \u00e9clair\u00e9e de Sa Majest\u00e9 le Roi Mohammed VI. Un tourisme plus performant, plus durable et cr\u00e9ateur de valeur au niveau des territoires \u00bb, a indiqu\u00e9 la ministre du Tourisme, de l\u2019Artisanat et de l\u2019\u00c9conomie sociale et solidaire, Fatim-Zahra Ammor, cit\u00e9e dans le communiqu\u00e9.<\/p>\n<p>Cette ann\u00e9e record marque ainsi un jalon strat\u00e9gique, ouvrant un nouveau chapitre en coh\u00e9rence avec l\u2019ambition du Royaume d\u2019accueillir 26 millions de touristes et de positionner le Maroc comme une destination de r\u00e9f\u00e9rence \u00e0 l\u2019horizon 2030, conclut le communiqu\u00e9.<\/p>\n<p>\u00a0<\/p>\n","protected":false},"excerpt":{"rendered":"Le Maroc a enregistr\u00e9 19,8 millions d\u2019arriv\u00e9es touristiques en 2025, soit une progression de 14 % par rapport&hellip;\n","protected":false},"author":2,"featured_media":6865,"comment_status":"","ping_status":"","sticky":false,"template":"","format":"standard","meta":{"footnotes":""},"categories":[41],"tags":[4974,158,4975,4976],"class_list":{"0":"post-6864","1":"post","2":"type-post","3":"status-publish","4":"format-standard","5":"has-post-thumbnail","7":"category-maroc","8":"tag-economie-marocaine","9":"tag-maroc","10":"tag-tourisme-maroc","11":"tag-tourisme-marocain"},"share_on_mastodon":{"url":"","error":""},"_links":{"self":[{"href":"https:\/\/www.europesays.com\/africa\/wp-json\/wp\/v2\/posts\/6864","targetHints":{"allow":["GET"]}}],"collection":[{"href":"https:\/\/www.europesays.com\/africa\/wp-json\/wp\/v2\/posts"}],"about":[{"href":"https:\/\/www.europesays.com\/africa\/wp-json\/wp\/v2\/types\/post"}],"author":[{"embeddable":true,"href":"https:\/\/www.europesays.com\/africa\/wp-json\/wp\/v2\/users\/2"}],"replies":[{"embeddable":true,"href":"https:\/\/www.europesays.com\/africa\/wp-json\/wp\/v2\/comments?post=6864"}],"version-history":[{"count":0,"href":"https:\/\/www.europesays.com\/africa\/wp-json\/wp\/v2\/posts\/6864\/revisions"}],"wp:featuredmedia":[{"embeddable":true,"href":"https:\/\/www.europesays.com\/africa\/wp-json\/wp\/v2\/media\/6865"}],"wp:attachment":[{"href":"https:\/\/www.europesays.com\/africa\/wp-json\/wp\/v2\/media?parent=6864"}],"wp:term":[{"taxonomy":"category","embeddable":true,"href":"https:\/\/www.europesays.com\/africa\/wp-json\/wp\/v2\/categories?post=6864"},{"taxonomy":"post_tag","embeddable":true,"href":"https:\/\/www.europesays.com\/africa\/wp-json\/wp\/v2\/tags?post=6864"}],"curies":[{"name":"wp","href":"https:\/\/api.w.org\/{rel}","templated":true}]}}