{"id":6885,"date":"2026-01-06T10:02:08","date_gmt":"2026-01-06T10:02:08","guid":{"rendered":"https:\/\/www.europesays.com\/africa\/6885\/"},"modified":"2026-01-06T10:02:08","modified_gmt":"2026-01-06T10:02:08","slug":"le-khalife-preche-la-paix-au-senegal-et-en-afrique","status":"publish","type":"post","link":"https:\/\/www.europesays.com\/africa\/6885\/","title":{"rendered":"Le Khalife pr\u00eache la paix au S\u00e9n\u00e9gal et en Afrique"},"content":{"rendered":"<p>La c\u00e9r\u00e9monie officielle du Gamou de Ta\u00efba Niass\u00e8ne a v\u00e9cu ce lundi 05 d\u00e9cembre 2026, en pr\u00e9sence des membres du gouvernement avec \u00e0 sa t\u00eate le ministre de la formation professionnelle, Moustapha Ndieck Sarr\u00e9. Ainsi, devant le Khalife de la Fayda, le ministre a salu\u00e9 la dimension internationale de Baye Niass et de sa famille, tout en insistant sur son engagement au service de l&#8217;Islam. &#8221;Baye Niass est une r\u00e9f\u00e9rence qui a consacr\u00e9 toute sa vie \u00e0 l&#8217;Islam. Il nous a enseign\u00e9 ce que c&#8217;est le panafricanisme et il a toujours dit que l&#8217;Afrique doit s&#8217;unir. C&#8217;est des paroles sur lesquelles nous nous appuyons pour mener \u00e0 bien notre politique&#8221;, a-t-il d\u00e9clar\u00e9.<\/p>\n<p>\u00a0<\/p>\n<p>Parlant du projet Daara-Atelier, le ministre de la formation professionnelle, a sollicit\u00e9 les pri\u00e8res du Khalife de la Fayda. &#8221;Nous sollicitons vos pri\u00e8res pour cette initiative du gouvernement. En tout cas le projet est en cours et nous avons l&#8217;ambition de d\u00e9marrer les travaux (locaux Daara-Atelier de Kaolack) cette ann\u00e9e-ci. Et cela va permettre aux talib\u00e9s, apr\u00e8s leurs \u00e9tudes, d&#8217;avoir un m\u00e9tier pour gagner leur vie [&#8230;]&#8221;, a ajout\u00e9 Moustapha Ndieck Sarr\u00e9 avant de solliciter encore des pri\u00e8res pour la r\u00e9ussite des projets du gouvernement.<\/p>\n<p>\u00a0<\/p>\n<p>Prenant la parole, le Khalife, Cheikh Mouhamadoul Mahi Niass n&#8217;a pas manqu\u00e9 de remercier les autorit\u00e9s \u00e9tatiques pour leur implication dans la r\u00e9ussite de cet \u00e9v\u00e9nement religieux qui comm\u00e9more la naissance de Baye Niass. &#8221;Nous vous remercions vous et votre d\u00e9l\u00e9gation [&#8230;]. Il y a des probl\u00e9mes un peu partout en Afrique mais par la gr\u00e2ce de Dieu, le S\u00e9n\u00e9gal n&#8217;en fait pas partie et nous prions pour que cette paix soit \u00e9ternelle et c&#8217;est dans ce genre d&#8217;\u00e9v\u00e9nements que nous profitons pour prier pour notre pays.&#8221;<\/p>\n<p>\u00a0<\/p>\n<p>Concernant le projet Daara-atelier, le Khalife de dire : &#8221;C&#8217;est une excellente chose et il va permettre d&#8217;impliquer davantage les fils des Daara dans la marche du pays&#8230;&#8221;<\/p>\n","protected":false},"excerpt":{"rendered":"La c\u00e9r\u00e9monie officielle du Gamou de Ta\u00efba Niass\u00e8ne a v\u00e9cu ce lundi 05 d\u00e9cembre 2026, en pr\u00e9sence des&hellip;\n","protected":false},"author":2,"featured_media":6886,"comment_status":"","ping_status":"","sticky":false,"template":"","format":"standard","meta":{"footnotes":""},"categories":[48],"tags":[64,274,279,273,277,278,271,281,283,272,280,276,275,159,282],"class_list":{"0":"post-6885","1":"post","2":"type-post","3":"status-publish","4":"format-standard","5":"has-post-thumbnail","7":"category-senegal","8":"tag-afrique","9":"tag-aliou-cisse","10":"tag-amadou-ba","11":"tag-apr","12":"tag-bassirou-diomaye-faye","13":"tag-bathelemy-dias","14":"tag-dakar","15":"tag-el-malick-ndiaye","16":"tag-guy-marius-sagna","17":"tag-macky-sall","18":"tag-madiambal-diagne","19":"tag-ousmane-sonko","20":"tag-pastef","21":"tag-senegal","22":"tag-ziguinchor"},"share_on_mastodon":{"url":"","error":""},"_links":{"self":[{"href":"https:\/\/www.europesays.com\/africa\/wp-json\/wp\/v2\/posts\/6885","targetHints":{"allow":["GET"]}}],"collection":[{"href":"https:\/\/www.europesays.com\/africa\/wp-json\/wp\/v2\/posts"}],"about":[{"href":"https:\/\/www.europesays.com\/africa\/wp-json\/wp\/v2\/types\/post"}],"author":[{"embeddable":true,"href":"https:\/\/www.europesays.com\/africa\/wp-json\/wp\/v2\/users\/2"}],"replies":[{"embeddable":true,"href":"https:\/\/www.europesays.com\/africa\/wp-json\/wp\/v2\/comments?post=6885"}],"version-history":[{"count":0,"href":"https:\/\/www.europesays.com\/africa\/wp-json\/wp\/v2\/posts\/6885\/revisions"}],"wp:featuredmedia":[{"embeddable":true,"href":"https:\/\/www.europesays.com\/africa\/wp-json\/wp\/v2\/media\/6886"}],"wp:attachment":[{"href":"https:\/\/www.europesays.com\/africa\/wp-json\/wp\/v2\/media?parent=6885"}],"wp:term":[{"taxonomy":"category","embeddable":true,"href":"https:\/\/www.europesays.com\/africa\/wp-json\/wp\/v2\/categories?post=6885"},{"taxonomy":"post_tag","embeddable":true,"href":"https:\/\/www.europesays.com\/africa\/wp-json\/wp\/v2\/tags?post=6885"}],"curies":[{"name":"wp","href":"https:\/\/api.w.org\/{rel}","templated":true}]}}